{"id":144948,"date":"2020-01-07T09:29:18","date_gmt":"2020-01-07T12:29:18","guid":{"rendered":"http:\/\/www.caririemacao.com\/1\/?p=144948"},"modified":"2020-01-07T09:29:18","modified_gmt":"2020-01-07T12:29:18","slug":"na-fuga-suspeitos-de-assaltos-tentam-atropelar-policiais-rodoviarios-mas-acabam-presos","status":"publish","type":"post","link":"https:\/\/www.caririemacao.com\/1\/2020\/01\/07\/na-fuga-suspeitos-de-assaltos-tentam-atropelar-policiais-rodoviarios-mas-acabam-presos\/","title":{"rendered":"Na fuga, suspeitos de assaltos tentam atropelar policiais rodovi\u00e1rios, mas acabam presos"},"content":{"rendered":"\n<p>A Pol\u00edcia Rodovi\u00e1ria Federal prendeu na tarde de hoje (6), em Campina Grande, tr\u00eas homens com um carro roubado e extensa ficha criminal.<\/p>\n\n\n\n<p>Os policiais estavam realizando abordagens de rotina nas proximidades da Unidade Operacional da PRF em Santa Terezinha, na BR 230, km 143, quando foi solicitado que um ve\u00edculo parasse e o motorista desobedeceu a ordem dos policiais e tentou fugir, jogando o ve\u00edculo contra os policiais na tentativa ds atropela-los.<\/p>\n\n\n\n<p>Os policiais conseguiram realizar a abordagem, quando constataram que o ve\u00edculo era roubado. No interior do autom\u00f3vel haviam tr\u00eas homens, sendo o condutor menor de idade e um dos homens com Mandado de Pris\u00e3o em aberto por porte ilegal de arma de fogo. O outro passageiro do autom\u00f3vel estava com tornozeleira eletr\u00f4nica e aparece em imagens de circuito interno de uma loja praticando um assalto no in\u00edcio deste ano.<\/p>\n\n\n\n<p>Os dois homens maiores de idade aparecem em v\u00eddeo realizando um assalto a uma loja de celulares no dia 3 de janeiro deste ano na cidade de Barra de Santa Rosa. Na filmagem tamb\u00e9m \u00e9 poss\u00edvel ver o ve\u00edculo roubado sendo utilizado durante a fuga.<\/p>\n\n\n\n<p>O menor de idade foi apreendido e os demais foram detidos e ir\u00e3o responder por corrup\u00e7\u00e3o de menores, roubo de ve\u00edculo, tentativa de les\u00e3o corporal ao tentar atropelar os policiais, al\u00e9m de novas investiga\u00e7\u00f5es serem iniciadas para identificar outros crimes realizados pelo trio. A ocorr\u00eancia foi encaminhada \u00e0 Pol\u00edcia Civil de Campina Grande.<\/p>\n","protected":false},"excerpt":{"rendered":"<p>A Pol\u00edcia Rodovi\u00e1ria Federal prendeu na tarde de hoje (6), em Campina Grande, tr\u00eas homens com um carro roubado e extensa ficha criminal. Os policiais&hellip; <\/p>\n","protected":false},"author":1,"featured_media":144949,"comment_status":"closed","ping_status":"closed","sticky":false,"template":"","format":"standard","meta":{"sfsi_plus_gutenberg_text_before_share":"","sfsi_plus_gutenberg_show_text_before_share":"","sfsi_plus_gutenberg_icon_type":"","sfsi_plus_gutenberg_icon_alignemt":"","sfsi_plus_gutenburg_max_per_row":"","footnotes":""},"categories":[12],"tags":[],"class_list":["post-144948","post","type-post","status-publish","format-standard","has-post-thumbnail","hentry","category-policia"],"_links":{"self":[{"href":"https:\/\/www.caririemacao.com\/1\/wp-json\/wp\/v2\/posts\/144948","targetHints":{"allow":["GET"]}}],"collection":[{"href":"https:\/\/www.caririemacao.com\/1\/wp-json\/wp\/v2\/posts"}],"about":[{"href":"https:\/\/www.caririemacao.com\/1\/wp-json\/wp\/v2\/types\/post"}],"author":[{"embeddable":true,"href":"https:\/\/www.caririemacao.com\/1\/wp-json\/wp\/v2\/users\/1"}],"replies":[{"embeddable":true,"href":"https:\/\/www.caririemacao.com\/1\/wp-json\/wp\/v2\/comments?post=144948"}],"version-history":[{"count":1,"href":"https:\/\/www.caririemacao.com\/1\/wp-json\/wp\/v2\/posts\/144948\/revisions"}],"predecessor-version":[{"id":144950,"href":"https:\/\/www.caririemacao.com\/1\/wp-json\/wp\/v2\/posts\/144948\/revisions\/144950"}],"wp:featuredmedia":[{"embeddable":true,"href":"https:\/\/www.caririemacao.com\/1\/wp-json\/wp\/v2\/media\/144949"}],"wp:attachment":[{"href":"https:\/\/www.caririemacao.com\/1\/wp-json\/wp\/v2\/media?parent=144948"}],"wp:term":[{"taxonomy":"category","embeddable":true,"href":"https:\/\/www.caririemacao.com\/1\/wp-json\/wp\/v2\/categories?post=144948"},{"taxonomy":"post_tag","embeddable":true,"href":"https:\/\/www.caririemacao.com\/1\/wp-json\/wp\/v2\/tags?post=144948"}],"curies":[{"name":"wp","href":"https:\/\/api.w.org\/{rel}","templated":true}]}}