{"id":144955,"date":"2020-01-07T09:32:35","date_gmt":"2020-01-07T12:32:35","guid":{"rendered":"http:\/\/www.caririemacao.com\/1\/?p=144955"},"modified":"2020-01-07T09:32:35","modified_gmt":"2020-01-07T12:32:35","slug":"oleo-desenvolvido-na-ufpb-auxilia-no-combate-a-bacterias-resistentes-a-antibioticos","status":"publish","type":"post","link":"https:\/\/www.caririemacao.com\/1\/2020\/01\/07\/oleo-desenvolvido-na-ufpb-auxilia-no-combate-a-bacterias-resistentes-a-antibioticos\/","title":{"rendered":"\u00d3leo desenvolvido na UFPB auxilia no combate a bact\u00e9rias resistentes a antibi\u00f3ticos"},"content":{"rendered":"\n<p>Estudo realizado pela Universidade Federal da Para\u00edba (UFPB), em parceria com a Universidade Regional do Cariri (URCA), Universidade Federal de Pernambuco (UFPE), Funda\u00e7\u00e3o Oswaldo Cruz (Fiocruz-BA) e a Universidade Federal do Paran\u00e1 (UFPR), aponta que o \u00f3leo da planta\u00a0<em>Mikania cordifolia<\/em>\u00a0\u2013 conhecida popularmente como guaco \u2013 auxilia no combate a bact\u00e9rias resistentes a antibi\u00f3ticos.<\/p>\n\n\n\n<p>O trabalho tem o t\u00edtulo de \u201c<em>GC-MS-FID characterization and antibacterial activity of the Mikania cordifolia essential oil and limonene against MDR strains\u201d<\/em>&nbsp;e foi publicado, em formato de artigo digital, no volume 136 do&nbsp;<em>Food and Chemical Toxicology Journal<\/em><em>.<\/em><\/p>\n\n\n\n<p>De acordo com o professor do Instituto de Pesquisa em F\u00e1rmacos e Medicamentos (Ipefarm) da UFPB, Jos\u00e9 Maria Barbosa Filho, h\u00e1 bact\u00e9rias criando cada vez mais resist\u00eancia a antibi\u00f3ticos tradicionais e exigindo dosagens maiores de medicamentos para combat\u00ea-las. \u201cCom isso, aumenta-se o risco de efeitos colaterais para o organismo humano, sem contar os gastos financeiros que crescem\u201d, explica.<\/p>\n\n\n\n<p>Ao fazer a associa\u00e7\u00e3o do \u00f3leo de guaco com o antibi\u00f3tico, h\u00e1 melhora da resposta antimicrobiana nos organismos dos seres humanos. \u201cO resultado final \u00e9 bem melhor do que se fosse utilizado apenas o antibi\u00f3tico, sem o \u00f3leo\u201d, destaca Barbosa.<\/p>\n\n\n\n<p>Na medicina popular, afirma o professor, o guaco \u00e9 utilizado ainda como anti-inflamat\u00f3rio, antiasm\u00e1tico e analg\u00e9sico.<\/p>\n\n\n\n<h3 class=\"wp-block-heading\"><strong>Experimento&nbsp;<\/strong><\/h3>\n\n\n\n<p>Segundo Barbosa Filho, no experimento, foi utilizada uma mistura de v\u00e1rias subst\u00e2ncias naturais presentes na planta. Com ela, produziu-se o \u00f3leo essencial do guaco.<\/p>\n\n\n\n<p>O componente qu\u00edmico principal do vegetal \u00e9 o limoneno, que apresentou efeito regulador quando associado aos antibi\u00f3ticos norfloxacina, gentamicina e penicilina.<\/p>\n\n\n\n<p>Esses medicamentos atuam contra bact\u00e9rias que causam, por exemplo, inflama\u00e7\u00f5es no est\u00f4mago e intestino (gastroenterites), incapacidade do sistema circulat\u00f3rio em fornecer fluxo sangu\u00edneo (sepse) e infec\u00e7\u00f5es urin\u00e1rias.<\/p>\n\n\n\n<p>No estudo, em vez de utilizar uma concentra\u00e7\u00e3o alta de antibi\u00f3ticos, foi utilizado o \u00f3leo do guaco com uma dosagem menor deles e obteve-se o mesmo resultado. \u201cAssim, o surgimento de novas terapias antimicrobianas ser\u00e1 poss\u00edvel\u201d, salienta o professor.<\/p>\n\n\n\n<h3 class=\"wp-block-heading\"><strong>Pesquisa interinstitucional<\/strong><\/h3>\n\n\n\n<p>Barbosa Filho ressalta que a an\u00e1lise conjunta distingue o pioneirismo das universidades p\u00fablicas nas pesquisas do Brasil. \u201cTrata-se de uma publica\u00e7\u00e3o de alto n\u00edvel. Do meu conhecimento, n\u00e3o h\u00e1 universidade privada que realize trabalho dessa natureza. Ali\u00e1s, 95% das pesquisas realizadas no pa\u00eds s\u00e3o&nbsp;produzidas em universidades p\u00fablicas\u201d, endossa.<\/p>\n","protected":false},"excerpt":{"rendered":"<p>Estudo realizado pela Universidade Federal da Para\u00edba (UFPB), em parceria com a Universidade Regional do Cariri (URCA), Universidade Federal de Pernambuco (UFPE), Funda\u00e7\u00e3o Oswaldo Cruz&hellip; <\/p>\n","protected":false},"author":1,"featured_media":144956,"comment_status":"closed","ping_status":"closed","sticky":false,"template":"","format":"standard","meta":{"sfsi_plus_gutenberg_text_before_share":"","sfsi_plus_gutenberg_show_text_before_share":"","sfsi_plus_gutenberg_icon_type":"","sfsi_plus_gutenberg_icon_alignemt":"","sfsi_plus_gutenburg_max_per_row":"","footnotes":""},"categories":[2],"tags":[],"class_list":["post-144955","post","type-post","status-publish","format-standard","has-post-thumbnail","hentry","category-geral"],"_links":{"self":[{"href":"https:\/\/www.caririemacao.com\/1\/wp-json\/wp\/v2\/posts\/144955","targetHints":{"allow":["GET"]}}],"collection":[{"href":"https:\/\/www.caririemacao.com\/1\/wp-json\/wp\/v2\/posts"}],"about":[{"href":"https:\/\/www.caririemacao.com\/1\/wp-json\/wp\/v2\/types\/post"}],"author":[{"embeddable":true,"href":"https:\/\/www.caririemacao.com\/1\/wp-json\/wp\/v2\/users\/1"}],"replies":[{"embeddable":true,"href":"https:\/\/www.caririemacao.com\/1\/wp-json\/wp\/v2\/comments?post=144955"}],"version-history":[{"count":1,"href":"https:\/\/www.caririemacao.com\/1\/wp-json\/wp\/v2\/posts\/144955\/revisions"}],"predecessor-version":[{"id":144957,"href":"https:\/\/www.caririemacao.com\/1\/wp-json\/wp\/v2\/posts\/144955\/revisions\/144957"}],"wp:featuredmedia":[{"embeddable":true,"href":"https:\/\/www.caririemacao.com\/1\/wp-json\/wp\/v2\/media\/144956"}],"wp:attachment":[{"href":"https:\/\/www.caririemacao.com\/1\/wp-json\/wp\/v2\/media?parent=144955"}],"wp:term":[{"taxonomy":"category","embeddable":true,"href":"https:\/\/www.caririemacao.com\/1\/wp-json\/wp\/v2\/categories?post=144955"},{"taxonomy":"post_tag","embeddable":true,"href":"https:\/\/www.caririemacao.com\/1\/wp-json\/wp\/v2\/tags?post=144955"}],"curies":[{"name":"wp","href":"https:\/\/api.w.org\/{rel}","templated":true}]}}