{"id":144988,"date":"2020-01-07T10:07:10","date_gmt":"2020-01-07T13:07:10","guid":{"rendered":"http:\/\/www.caririemacao.com\/1\/?p=144988"},"modified":"2020-01-07T10:07:10","modified_gmt":"2020-01-07T13:07:10","slug":"vinte-cidades-paraibanas-sao-selecionadas-para-integrar-programa-crianca-feliz","status":"publish","type":"post","link":"https:\/\/www.caririemacao.com\/1\/2020\/01\/07\/vinte-cidades-paraibanas-sao-selecionadas-para-integrar-programa-crianca-feliz\/","title":{"rendered":"Vinte cidades paraibanas s\u00e3o selecionadas para integrar Programa Crian\u00e7a Feliz"},"content":{"rendered":"\n<p> O Governo Federal por meio da Secretaria de\u00a0Nacional de Promo\u00e7\u00e3o do Desenvolvimento Humano divulgou a lista de cidades brasileiras selecionadas para integrar o\u00a0Programa Crian\u00e7a Feliz\/Primeira Inf\u00e2ncia no SUAS.\u00a0<\/p>\n\n\n\n<p>&nbsp;A lista das cidades foi publicada no Di\u00e1rio Oficial da Uni\u00e3o desta ter\u00e7a-feira (7). Na Para\u00edba, 20 cidades foram selecionadas.&nbsp;&nbsp;<\/p>\n\n\n\n<p><a href=\"http:\/\/www.in.gov.br\/en\/web\/dou\/-\/portaria-n-1-de-6-de-janeiro-de-2020-236761245\">Confira a portaria<\/a><\/p>\n\n\n\n<figure class=\"wp-block-image\"><img decoding=\"async\" data-src=\"https:\/\/www.clickpb.com.br\/media\/filer_public\/15\/ed\/15ed459a-5d26-412c-9d36-0f9c9f2d65ac\/crianca_feliz.jpg\" alt=\"\" src=\"data:image\/svg+xml;base64,PHN2ZyB3aWR0aD0iMSIgaGVpZ2h0PSIxIiB4bWxucz0iaHR0cDovL3d3dy53My5vcmcvMjAwMC9zdmciPjwvc3ZnPg==\" class=\"lazyload\" \/><\/figure>\n\n\n\n<p>O Programa Crian\u00e7a Feliz surgiu&nbsp;como&nbsp;ferramenta para que fam\u00edlias com crian\u00e7as entre zero e seis anos ofere\u00e7am a seus pequenos meios para promover seu desenvolvimento integral.<br><\/p>\n\n\n\n<p>A principal a\u00e7\u00e3o do Programa Crian\u00e7a Feliz \u00e9 a realiza\u00e7\u00e3o de visitas domiciliares. As visitas s\u00e3o a\u00e7\u00f5es desenvolvidas pelos visitadores na resid\u00eancia da fam\u00edlia inclu\u00edda no programa.&nbsp;<\/p>\n","protected":false},"excerpt":{"rendered":"<p>O Governo Federal por meio da Secretaria de\u00a0Nacional de Promo\u00e7\u00e3o do Desenvolvimento Humano divulgou a lista de cidades brasileiras selecionadas para integrar o\u00a0Programa Crian\u00e7a Feliz\/Primeira&hellip; <\/p>\n","protected":false},"author":1,"featured_media":118752,"comment_status":"closed","ping_status":"closed","sticky":false,"template":"","format":"standard","meta":{"sfsi_plus_gutenberg_text_before_share":"","sfsi_plus_gutenberg_show_text_before_share":"","sfsi_plus_gutenberg_icon_type":"","sfsi_plus_gutenberg_icon_alignemt":"","sfsi_plus_gutenburg_max_per_row":"","footnotes":""},"categories":[2],"tags":[],"class_list":["post-144988","post","type-post","status-publish","format-standard","has-post-thumbnail","hentry","category-geral"],"_links":{"self":[{"href":"https:\/\/www.caririemacao.com\/1\/wp-json\/wp\/v2\/posts\/144988","targetHints":{"allow":["GET"]}}],"collection":[{"href":"https:\/\/www.caririemacao.com\/1\/wp-json\/wp\/v2\/posts"}],"about":[{"href":"https:\/\/www.caririemacao.com\/1\/wp-json\/wp\/v2\/types\/post"}],"author":[{"embeddable":true,"href":"https:\/\/www.caririemacao.com\/1\/wp-json\/wp\/v2\/users\/1"}],"replies":[{"embeddable":true,"href":"https:\/\/www.caririemacao.com\/1\/wp-json\/wp\/v2\/comments?post=144988"}],"version-history":[{"count":1,"href":"https:\/\/www.caririemacao.com\/1\/wp-json\/wp\/v2\/posts\/144988\/revisions"}],"predecessor-version":[{"id":144989,"href":"https:\/\/www.caririemacao.com\/1\/wp-json\/wp\/v2\/posts\/144988\/revisions\/144989"}],"wp:featuredmedia":[{"embeddable":true,"href":"https:\/\/www.caririemacao.com\/1\/wp-json\/wp\/v2\/media\/118752"}],"wp:attachment":[{"href":"https:\/\/www.caririemacao.com\/1\/wp-json\/wp\/v2\/media?parent=144988"}],"wp:term":[{"taxonomy":"category","embeddable":true,"href":"https:\/\/www.caririemacao.com\/1\/wp-json\/wp\/v2\/categories?post=144988"},{"taxonomy":"post_tag","embeddable":true,"href":"https:\/\/www.caririemacao.com\/1\/wp-json\/wp\/v2\/tags?post=144988"}],"curies":[{"name":"wp","href":"https:\/\/api.w.org\/{rel}","templated":true}]}}