{"id":145003,"date":"2020-01-07T10:14:59","date_gmt":"2020-01-07T13:14:59","guid":{"rendered":"http:\/\/www.caririemacao.com\/1\/?p=145003"},"modified":"2020-01-07T10:14:59","modified_gmt":"2020-01-07T13:14:59","slug":"qual-e-o-time-que-vai-entrar-melhor-preparado-para-a-temporada-de-2020","status":"publish","type":"post","link":"https:\/\/www.caririemacao.com\/1\/2020\/01\/07\/qual-e-o-time-que-vai-entrar-melhor-preparado-para-a-temporada-de-2020\/","title":{"rendered":"Qual \u00e9 o time que vai entrar melhor preparado para a temporada de 2020?"},"content":{"rendered":"\n<p>A terceira edi\u00e7\u00e3o do programa Bate Bola Nacional desta segunda-feira (6) tamb\u00e9m analisou as principais not\u00edcias do dia no esporte nacional e internacional.&nbsp;A apresenta\u00e7\u00e3o ficou por conta de Bruno Mendes.<\/p>\n\n\n\n<p>Ou\u00e7a o programa na \u00edntegra no&nbsp;<em>player:<\/em><\/p>\n\n\n\n<p>O&nbsp;<a href=\"http:\/\/radios.ebc.com.br\/bate-bola-nacional\" target=\"_blank\" rel=\"noreferrer noopener\">Bate Bola Nacional<\/a>&nbsp;vai ao ar de segunda a sexta-feira em tr\u00eas edi\u00e7\u00f5es (\u00e0s 7h45, \u00e0s 12h45 e \u00e0s 18h45) nas r\u00e1dios&nbsp;<a href=\"http:\/\/radios.ebc.com.br\/nacionalamazonia\" target=\"_blank\" rel=\"noreferrer noopener\">Nacional da Amaz\u00f4nia<\/a>,&nbsp;<a href=\"http:\/\/radios.ebc.com.br\/nacionalbrasiliaam\" target=\"_blank\" rel=\"noreferrer noopener\">Nacional de Bras\u00edlia<\/a>&nbsp;e&nbsp;<a href=\"http:\/\/radios.ebc.com.br\/nacionalrioam\" target=\"_blank\" rel=\"noreferrer noopener\">Nacional do Rio de Janeiro<\/a>.TAGS:&nbsp;&nbsp;<a href=\"http:\/\/radios.ebc.com.br\/tags\/esportes\">ESPORTES<\/a><a href=\"http:\/\/radios.ebc.com.br\/tags\/bate-bola-nacional-1\">BATE BOLA NACIONAL<\/a><a href=\"http:\/\/radios.ebc.com.br\/tags\/cruzeiro-0\">CRUZEIRO<\/a><a href=\"http:\/\/radios.ebc.com.br\/tags\/atletico-mg-0\">ATL\u00c9TICO-MG<\/a><a href=\"http:\/\/radios.ebc.com.br\/tags\/flamengo-0\">FLAMENGO<\/a><a href=\"http:\/\/radios.ebc.com.br\/tags\/fluminense-0\">FLUMINENSE<\/a><a href=\"http:\/\/radios.ebc.com.br\/tags\/vasco\">VASCO<\/a><a href=\"http:\/\/radios.ebc.com.br\/tags\/corinthians-0\">CORINTHIANS<\/a><a href=\"http:\/\/radios.ebc.com.br\/tags\/botafogo-0\">BOTAFOGO<\/a><a href=\"http:\/\/radios.ebc.com.br\/tags\/sao-paulo-1\">S\u00c3O PAULO<\/a><a href=\"http:\/\/radios.ebc.com.br\/tags\/palmeiras-0\">PALMEIRAS<\/a><a href=\"http:\/\/radios.ebc.com.br\/tags\/santos-0\">SANTOS<\/a><a href=\"http:\/\/radios.ebc.com.br\/tags\/campeonato-brasileiro-0\">CAMPEONATO BRASILEIRO<\/a><a href=\"http:\/\/radios.ebc.com.br\/tags\/copa-libertadores-da-america-0\">COPA LIBERTADORES DA AM\u00c9RICA<\/a><\/p>\n","protected":false},"excerpt":{"rendered":"<p>A terceira edi\u00e7\u00e3o do programa Bate Bola Nacional desta segunda-feira (6) tamb\u00e9m analisou as principais not\u00edcias do dia no esporte nacional e internacional.&nbsp;A apresenta\u00e7\u00e3o ficou&hellip; <\/p>\n","protected":false},"author":1,"featured_media":87076,"comment_status":"closed","ping_status":"closed","sticky":false,"template":"","format":"standard","meta":{"sfsi_plus_gutenberg_text_before_share":"","sfsi_plus_gutenberg_show_text_before_share":"","sfsi_plus_gutenberg_icon_type":"","sfsi_plus_gutenberg_icon_alignemt":"","sfsi_plus_gutenburg_max_per_row":"","footnotes":""},"categories":[13],"tags":[],"class_list":["post-145003","post","type-post","status-publish","format-standard","has-post-thumbnail","hentry","category-esportes"],"_links":{"self":[{"href":"https:\/\/www.caririemacao.com\/1\/wp-json\/wp\/v2\/posts\/145003","targetHints":{"allow":["GET"]}}],"collection":[{"href":"https:\/\/www.caririemacao.com\/1\/wp-json\/wp\/v2\/posts"}],"about":[{"href":"https:\/\/www.caririemacao.com\/1\/wp-json\/wp\/v2\/types\/post"}],"author":[{"embeddable":true,"href":"https:\/\/www.caririemacao.com\/1\/wp-json\/wp\/v2\/users\/1"}],"replies":[{"embeddable":true,"href":"https:\/\/www.caririemacao.com\/1\/wp-json\/wp\/v2\/comments?post=145003"}],"version-history":[{"count":1,"href":"https:\/\/www.caririemacao.com\/1\/wp-json\/wp\/v2\/posts\/145003\/revisions"}],"predecessor-version":[{"id":145004,"href":"https:\/\/www.caririemacao.com\/1\/wp-json\/wp\/v2\/posts\/145003\/revisions\/145004"}],"wp:featuredmedia":[{"embeddable":true,"href":"https:\/\/www.caririemacao.com\/1\/wp-json\/wp\/v2\/media\/87076"}],"wp:attachment":[{"href":"https:\/\/www.caririemacao.com\/1\/wp-json\/wp\/v2\/media?parent=145003"}],"wp:term":[{"taxonomy":"category","embeddable":true,"href":"https:\/\/www.caririemacao.com\/1\/wp-json\/wp\/v2\/categories?post=145003"},{"taxonomy":"post_tag","embeddable":true,"href":"https:\/\/www.caririemacao.com\/1\/wp-json\/wp\/v2\/tags?post=145003"}],"curies":[{"name":"wp","href":"https:\/\/api.w.org\/{rel}","templated":true}]}}