{"id":145022,"date":"2020-01-07T11:41:05","date_gmt":"2020-01-07T14:41:05","guid":{"rendered":"http:\/\/www.caririemacao.com\/1\/?p=145022"},"modified":"2020-01-07T11:41:05","modified_gmt":"2020-01-07T14:41:05","slug":"governador-diz-que-editais-de-concursos-para-educacao-aesa-pge-e-porto-de-cabedelo-serao-publicados-ate-junho","status":"publish","type":"post","link":"https:\/\/www.caririemacao.com\/1\/2020\/01\/07\/governador-diz-que-editais-de-concursos-para-educacao-aesa-pge-e-porto-de-cabedelo-serao-publicados-ate-junho\/","title":{"rendered":"Governador diz que editais de concursos para Educa\u00e7\u00e3o, Aesa, PGE e Porto de Cabedelo ser\u00e3o publicados at\u00e9 junho"},"content":{"rendered":"\n<p>Um dia ap\u00f3s o an\u00fancio de v\u00e1rios concursos a serem feitos pelo Governo do Estado neste ano de 2020, o governador Jo\u00e3o Azev\u00eado revelou que os editais dever\u00e3o ser publicados at\u00e9 o m\u00eas de junho. Nesta ter\u00e7a-feira (07) em entrevista coletiva, o governador antecipou que as comiss\u00f5es de organiza\u00e7\u00e3o dos certames j\u00e1 foram criadas e est\u00e3o trabalhando para dar andamento aos concursos.<\/p>\n\n\n\n<p>Est\u00e3o previstas para 2020 as realiza\u00e7\u00f5es de concursos p\u00fablicos com vagas para as \u00e1reas de Educa\u00e7\u00e3o, a Procuradoria Geral do Estado (PGE), Ag\u00eancia Executiva de Gest\u00e3o das \u00c1guas da Para\u00edba (Aesa) e Porto de Cabedelo. \u201cAt\u00e9 o m\u00eas de junho vamos fazer todos os editais estarem na rua para as pessoas poderem se preparar\u201d, declarou Jo\u00e3o Azev\u00eado.<\/p>\n\n\n\n<p>Segundo o governador, a realiza\u00e7\u00e3o destes concursos acontece para \u201cfazer com que o cidad\u00e3o possa entrar no servi\u00e7o p\u00fablico pela porta da frente, que \u00e9 o concurso p\u00fablico\u201d. Al\u00e9m disso, priorizar a qualifica\u00e7\u00e3o dos servidores p\u00fablicos atrav\u00e9s da sele\u00e7\u00e3o por meio de concurso p\u00fablico \u00e9 a inten\u00e7\u00e3o do Estado.<\/p>\n\n\n\n<p>At\u00e9 o momento, ainda n\u00e3o foi escolhida nenhuma banca organizadora para os concursos j\u00e1 anunciados. Jo\u00e3o Azev\u00eado ressaltou tamb\u00e9m que existe demanda no Estado para a realiza\u00e7\u00e3o de outros concursos p\u00fablicos. No entanto, ainda n\u00e3o existe previs\u00e3o de an\u00fancio de novos certames neste ano de 2020.<\/p>\n\n\n\n<p>Para a \u00e1rea de Educa\u00e7\u00e3o, como o ClickPB j\u00e1 antecipou, ser\u00e3o oferecidas mil vagas para os cargos de professores em diversas disciplinas. O edital dever\u00e1 ser publicado logo ap\u00f3s a posse dos mil concursados em 2019, marcada para acontecer no dia 20 de janeiro.<\/p>\n","protected":false},"excerpt":{"rendered":"<p>Um dia ap\u00f3s o an\u00fancio de v\u00e1rios concursos a serem feitos pelo Governo do Estado neste ano de 2020, o governador Jo\u00e3o Azev\u00eado revelou que&hellip; <\/p>\n","protected":false},"author":1,"featured_media":145023,"comment_status":"closed","ping_status":"closed","sticky":false,"template":"","format":"standard","meta":{"sfsi_plus_gutenberg_text_before_share":"","sfsi_plus_gutenberg_show_text_before_share":"","sfsi_plus_gutenberg_icon_type":"","sfsi_plus_gutenberg_icon_alignemt":"","sfsi_plus_gutenburg_max_per_row":"","footnotes":""},"categories":[2],"tags":[],"class_list":["post-145022","post","type-post","status-publish","format-standard","has-post-thumbnail","hentry","category-geral"],"_links":{"self":[{"href":"https:\/\/www.caririemacao.com\/1\/wp-json\/wp\/v2\/posts\/145022","targetHints":{"allow":["GET"]}}],"collection":[{"href":"https:\/\/www.caririemacao.com\/1\/wp-json\/wp\/v2\/posts"}],"about":[{"href":"https:\/\/www.caririemacao.com\/1\/wp-json\/wp\/v2\/types\/post"}],"author":[{"embeddable":true,"href":"https:\/\/www.caririemacao.com\/1\/wp-json\/wp\/v2\/users\/1"}],"replies":[{"embeddable":true,"href":"https:\/\/www.caririemacao.com\/1\/wp-json\/wp\/v2\/comments?post=145022"}],"version-history":[{"count":1,"href":"https:\/\/www.caririemacao.com\/1\/wp-json\/wp\/v2\/posts\/145022\/revisions"}],"predecessor-version":[{"id":145024,"href":"https:\/\/www.caririemacao.com\/1\/wp-json\/wp\/v2\/posts\/145022\/revisions\/145024"}],"wp:featuredmedia":[{"embeddable":true,"href":"https:\/\/www.caririemacao.com\/1\/wp-json\/wp\/v2\/media\/145023"}],"wp:attachment":[{"href":"https:\/\/www.caririemacao.com\/1\/wp-json\/wp\/v2\/media?parent=145022"}],"wp:term":[{"taxonomy":"category","embeddable":true,"href":"https:\/\/www.caririemacao.com\/1\/wp-json\/wp\/v2\/categories?post=145022"},{"taxonomy":"post_tag","embeddable":true,"href":"https:\/\/www.caririemacao.com\/1\/wp-json\/wp\/v2\/tags?post=145022"}],"curies":[{"name":"wp","href":"https:\/\/api.w.org\/{rel}","templated":true}]}}