{"id":145031,"date":"2020-01-07T11:46:38","date_gmt":"2020-01-07T14:46:38","guid":{"rendered":"http:\/\/www.caririemacao.com\/1\/?p=145031"},"modified":"2020-01-07T11:46:38","modified_gmt":"2020-01-07T14:46:38","slug":"itamaraty-confirma-que-ira-convocou-representante-do-brasil-em-teera","status":"publish","type":"post","link":"https:\/\/www.caririemacao.com\/1\/2020\/01\/07\/itamaraty-confirma-que-ira-convocou-representante-do-brasil-em-teera\/","title":{"rendered":"Itamaraty confirma que Ir\u00e3 convocou representante do Brasil em Teer\u00e3"},"content":{"rendered":"\n<p>O Minist\u00e9rio das Rela\u00e7\u00f5es Exteriores informou nesta segunda-feira (6) que a encarregada de Neg\u00f3cios do Brasil em Teer\u00e3, Maria Cristina Lopes, foi convocada pela chancelaria iraniana. Segundo o Itamaraty, o teor da conversa \u00e9 reservado e n\u00e3o ser\u00e1 divulgado.<\/p>\n\n\n\n<p>A informa\u00e7\u00e3o sobre a convoca\u00e7\u00e3o foi publicada pelo site do jornal &#8220;O Globo&#8221; e confirmada pela TV Globo.<\/p>\n\n\n\n<p>Na semana passada, o principal general iraniano, Qassem Soleimani, foi morto em um ataque ordenado pelo governo dos Estados Unidos. Segundo o presidente dos EUA, Donald Trump, o ataque serviu para &#8220;parar&#8221; uma guerra, n\u00e3o iniciar uma.<\/p>\n\n\n\n<p>Um dia ap\u00f3s o ataque, o Itamaraty divulgou uma nota na qual disse apoiar a &#8220;luta contra o flagelo do terrorismo&#8221;. Na nota, o governo brasileiro condenou um ataque \u00e0 embaixada dos Estados Unidos em Bagd\u00e1, cidade onde Soleimani foi morto, mas n\u00e3o condenou a morte do general iraniano.<\/p>\n\n\n\n<p>&#8220;Informamos que a Encarregada de Neg\u00f3cios do Brasil em Teer\u00e3, assim como representantes de pa\u00edses que se manifestaram sobre os acontecimentos em Bagd\u00e1, foram convocados pela chancelaria iraniana. A conversa, cujo teor \u00e9 reservado e n\u00e3o ser\u00e1 comentado pelo Itamaraty, transcorreu com cordialidade, dentro da usual pr\u00e1tica diplom\u00e1tica&#8221;, informou o Minist\u00e9rio das Rela\u00e7\u00f5es Exteriores nesta segunda.<\/p>\n\n\n\n<p>&#8216;Poderio b\u00e9lico&#8217;<\/p>\n\n\n\n<p>Na semana passada, o presidente Jair Bolsonaro chegou a dizer, antes de o Itamaraty divulgar a nota, que o Brasil n\u00e3o se manifestaria sobre o assunto por n\u00e3o ter &#8220;poderio b\u00e9lico&#8221;.<\/p>\n\n\n\n<p>Bolsonaro afirmou ainda que conversaria com autoridades americanas porque os dois pa\u00edses s\u00e3o aliados em muitas quest\u00f5es.<\/p>\n\n\n\n<p>&#8220;Eu n\u00e3o tenho o poderio b\u00e9lico que o americano tem para opinar neste momento. Se tivesse, eu opinaria&#8221;, afirmou o presidente na ocasi\u00e3o.<\/p>\n\n\n\n<p>Bolsonaro volta a descartar inger\u00eancia na pol\u00edtica de pre\u00e7os de combust\u00edveis<\/p>\n\n\n\n<p>Efeitos da crise<\/p>\n\n\n\n<p>Um dos efeitos da crise entre Estados Unidos e Ir\u00e3 foi o aumento no pre\u00e7o do barril de petr\u00f3leo. Segundo a Reuters, a alta chegou a 0,45% nesta segunda-feira, com o barril a US$ 68,91.<\/p>\n\n\n\n<p>No Brasil, Bolsonaro tem afirmado que o governo n\u00e3o vai interferir no pre\u00e7o dos combust\u00edveis, mas que a alta \u00e9 o que &#8220;mais preocupa&#8221; neste momento.<\/p>\n\n\n\n<p>Nesta segunda-feira, o presidente se reuniu com o ministro de Minas e Energia, Bento Albuquerque, e com o presidente da Petrobras, Roberto Castelo Branco. Ap\u00f3s o encontro, Castelo Branco disse que h\u00e1 &#8220;liberdade total&#8221; no Brasil para os pre\u00e7os de derivados de petr\u00f3leo, como os combust\u00edveis.<\/p>\n\n\n\n<p>Outro efeito provocado pela crise foi a queda no fechamento das bolsas de valores internacionais.<\/p>\n","protected":false},"excerpt":{"rendered":"<p>O Minist\u00e9rio das Rela\u00e7\u00f5es Exteriores informou nesta segunda-feira (6) que a encarregada de Neg\u00f3cios do Brasil em Teer\u00e3, Maria Cristina Lopes, foi convocada pela chancelaria&hellip; <\/p>\n","protected":false},"author":1,"featured_media":145032,"comment_status":"closed","ping_status":"closed","sticky":false,"template":"","format":"standard","meta":{"sfsi_plus_gutenberg_text_before_share":"","sfsi_plus_gutenberg_show_text_before_share":"","sfsi_plus_gutenberg_icon_type":"","sfsi_plus_gutenberg_icon_alignemt":"","sfsi_plus_gutenburg_max_per_row":"","footnotes":""},"categories":[2],"tags":[],"class_list":["post-145031","post","type-post","status-publish","format-standard","has-post-thumbnail","hentry","category-geral"],"_links":{"self":[{"href":"https:\/\/www.caririemacao.com\/1\/wp-json\/wp\/v2\/posts\/145031","targetHints":{"allow":["GET"]}}],"collection":[{"href":"https:\/\/www.caririemacao.com\/1\/wp-json\/wp\/v2\/posts"}],"about":[{"href":"https:\/\/www.caririemacao.com\/1\/wp-json\/wp\/v2\/types\/post"}],"author":[{"embeddable":true,"href":"https:\/\/www.caririemacao.com\/1\/wp-json\/wp\/v2\/users\/1"}],"replies":[{"embeddable":true,"href":"https:\/\/www.caririemacao.com\/1\/wp-json\/wp\/v2\/comments?post=145031"}],"version-history":[{"count":1,"href":"https:\/\/www.caririemacao.com\/1\/wp-json\/wp\/v2\/posts\/145031\/revisions"}],"predecessor-version":[{"id":145033,"href":"https:\/\/www.caririemacao.com\/1\/wp-json\/wp\/v2\/posts\/145031\/revisions\/145033"}],"wp:featuredmedia":[{"embeddable":true,"href":"https:\/\/www.caririemacao.com\/1\/wp-json\/wp\/v2\/media\/145032"}],"wp:attachment":[{"href":"https:\/\/www.caririemacao.com\/1\/wp-json\/wp\/v2\/media?parent=145031"}],"wp:term":[{"taxonomy":"category","embeddable":true,"href":"https:\/\/www.caririemacao.com\/1\/wp-json\/wp\/v2\/categories?post=145031"},{"taxonomy":"post_tag","embeddable":true,"href":"https:\/\/www.caririemacao.com\/1\/wp-json\/wp\/v2\/tags?post=145031"}],"curies":[{"name":"wp","href":"https:\/\/api.w.org\/{rel}","templated":true}]}}