{"id":145042,"date":"2020-01-07T13:17:03","date_gmt":"2020-01-07T16:17:03","guid":{"rendered":"http:\/\/www.caririemacao.com\/1\/?p=145042"},"modified":"2020-01-07T13:17:03","modified_gmt":"2020-01-07T16:17:03","slug":"joao-azevedo-diz-que-vai-comecar-a-conversar-com-parceiros-e-aliados-sobre-pleito-municipal","status":"publish","type":"post","link":"https:\/\/www.caririemacao.com\/1\/2020\/01\/07\/joao-azevedo-diz-que-vai-comecar-a-conversar-com-parceiros-e-aliados-sobre-pleito-municipal\/","title":{"rendered":"Jo\u00e3o Azev\u00eado diz que vai come\u00e7ar a conversar com parceiros e aliados sobre pleito municipal"},"content":{"rendered":"\n<p>O governador Jo\u00e3o Azev\u00eado disse, nesta ter\u00e7a-feira (7), que vai come\u00e7ar a conversar com parceiros e aliados sobre as elei\u00e7\u00f5es municipais que se aproximam. O governador continua, por\u00e9m, sem pressa para definir seu destino partid\u00e1rio.<\/p>\n\n\n\n<p>\u201cEssa defini\u00e7\u00e3o com rela\u00e7\u00e3o ao partido pra onde eu vou, ela n\u00e3o \u00e9 t\u00e3o importante. O importante \u00e9 que a estrutura toda dos aliados tenha condi\u00e7\u00e3o de participar desse processo de 2020 com tranquilidade e com possibilidade de vencer\u201d, disse Jo\u00e3o Azev\u00eado.<\/p>\n\n\n\n<p>Ele voltou a afirmar que seu foco \u00e9 muito mais administrativo, mas que isso n\u00e3o significa que ele ir\u00e1 se ausentar do pleito que est\u00e1 por vir.<\/p>\n\n\n\n<p>O governador disse ainda que \u00e9 prov\u00e1vel que ainda haja modifica\u00e7\u00f5es na equipe do Governo at\u00e9 o fim do seu mandato, mas que n\u00e3o est\u00e1 preocupado com isso no momento.<\/p>\n","protected":false},"excerpt":{"rendered":"<p>O governador Jo\u00e3o Azev\u00eado disse, nesta ter\u00e7a-feira (7), que vai come\u00e7ar a conversar com parceiros e aliados sobre as elei\u00e7\u00f5es municipais que se aproximam. O&hellip; <\/p>\n","protected":false},"author":1,"featured_media":124197,"comment_status":"closed","ping_status":"closed","sticky":false,"template":"","format":"standard","meta":{"sfsi_plus_gutenberg_text_before_share":"","sfsi_plus_gutenberg_show_text_before_share":"","sfsi_plus_gutenberg_icon_type":"","sfsi_plus_gutenberg_icon_alignemt":"","sfsi_plus_gutenburg_max_per_row":"","footnotes":""},"categories":[50,11],"tags":[],"class_list":["post-145042","post","type-post","status-publish","format-standard","has-post-thumbnail","hentry","category-destaque","category-politica"],"_links":{"self":[{"href":"https:\/\/www.caririemacao.com\/1\/wp-json\/wp\/v2\/posts\/145042","targetHints":{"allow":["GET"]}}],"collection":[{"href":"https:\/\/www.caririemacao.com\/1\/wp-json\/wp\/v2\/posts"}],"about":[{"href":"https:\/\/www.caririemacao.com\/1\/wp-json\/wp\/v2\/types\/post"}],"author":[{"embeddable":true,"href":"https:\/\/www.caririemacao.com\/1\/wp-json\/wp\/v2\/users\/1"}],"replies":[{"embeddable":true,"href":"https:\/\/www.caririemacao.com\/1\/wp-json\/wp\/v2\/comments?post=145042"}],"version-history":[{"count":1,"href":"https:\/\/www.caririemacao.com\/1\/wp-json\/wp\/v2\/posts\/145042\/revisions"}],"predecessor-version":[{"id":145044,"href":"https:\/\/www.caririemacao.com\/1\/wp-json\/wp\/v2\/posts\/145042\/revisions\/145044"}],"wp:featuredmedia":[{"embeddable":true,"href":"https:\/\/www.caririemacao.com\/1\/wp-json\/wp\/v2\/media\/124197"}],"wp:attachment":[{"href":"https:\/\/www.caririemacao.com\/1\/wp-json\/wp\/v2\/media?parent=145042"}],"wp:term":[{"taxonomy":"category","embeddable":true,"href":"https:\/\/www.caririemacao.com\/1\/wp-json\/wp\/v2\/categories?post=145042"},{"taxonomy":"post_tag","embeddable":true,"href":"https:\/\/www.caririemacao.com\/1\/wp-json\/wp\/v2\/tags?post=145042"}],"curies":[{"name":"wp","href":"https:\/\/api.w.org\/{rel}","templated":true}]}}