{"id":145047,"date":"2020-01-07T13:22:43","date_gmt":"2020-01-07T16:22:43","guid":{"rendered":"http:\/\/www.caririemacao.com\/1\/?p=145047"},"modified":"2020-01-07T13:22:43","modified_gmt":"2020-01-07T16:22:43","slug":"calvario-gravacao-mostra-ricardo-coutinho-negociando-com-daniel-suposta-compra-de-voto-do-ministro-fux-em-favor-da-aije-fiscal-no-tse","status":"publish","type":"post","link":"https:\/\/www.caririemacao.com\/1\/2020\/01\/07\/calvario-gravacao-mostra-ricardo-coutinho-negociando-com-daniel-suposta-compra-de-voto-do-ministro-fux-em-favor-da-aije-fiscal-no-tse\/","title":{"rendered":"\u201cCalv\u00e1rio\u201d: grava\u00e7\u00e3o mostra Ricardo Coutinho negociando com Daniel suposta compra de voto do ministro Fux em favor da \u201cAije Fiscal\u201d no TSE"},"content":{"rendered":"\n<p>Grava\u00e7\u00f5es obtidas atrav\u00e9s da dela\u00e7\u00e3o de Daniel Gomes da Silva, operador das Organiza\u00e7\u00f5es Sociais (OSs) Cruz Vermelha do Brasil (CVB) mostram o ex-governador da Para\u00edba, Ricardo Coutinho (PSB), debatendo uma suposta negocia\u00e7\u00e3o de votos junto ao TSE no processo que ficou conhecido na Para\u00edba como Aije Fiscal. O \u00e1udio foi exibido na edi\u00e7\u00e3o desta ter\u00e7a-feira (07) do programa Arapuan Verdade, da R\u00e1dio Arapuan FM.<\/p>\n\n\n\n<p>Na conversa original, datada de mar\u00e7o de 2018, Daniel Gomes da Silva entra no assunto citando os ministros FUX e BARROSO (LUIZ FUX E LU\u00cdS ROBERTO BARROSO), entre outros, relacionando estes com o processo do governador Ricardo Coutinho no Tribunal Superior Eleitoral (TSE).<\/p>\n\n\n\n<p>Daniel chegou a detalhar como eram feitas as aproxima\u00e7\u00f5es, e atrav\u00e9s de quem, para possibilitar negocia\u00e7\u00e3o com os ministros. De acordo com o delator, Ant\u00f4nio Carlos Amorim, que j\u00e1 havia presidido o Tribunal de Justi\u00e7a do Rio de Janeiro, mantinha uma boa rela\u00e7\u00e3o com a filha do ministro Fux e estava conversando com ela sobre o caso.<\/p>\n\n\n\n<p>Em abril de 2018 o ex-governador Ricardo Coutinho e a vice-governadora L\u00edgia Feliciano foram absolvidos por maioria dos votos no TSE as acusa\u00e7\u00f5es na A\u00e7\u00e3o de Investiga\u00e7\u00e3o Judicial Eleitoral (Aije) Fiscal. Eles eram acusados de conduta vedada e abuso de poder pol\u00edtico e econ\u00f4mico por promover isen\u00e7\u00f5es fiscais antes das elei\u00e7\u00f5es de 2014, incluindo o Imposto Sobre a Propriedade de Ve\u00edculos Automotores (IPVA). Com a absolvi\u00e7\u00e3o do TSE, eles n\u00e3o tiveram os mandatos cassados.<\/p>\n\n\n\n<p>O ministro Luiz Fux, que ocupava a presid\u00eancia do TSE na \u00e9poca do julgamento, negou provimento ao recurso acompanhando o relator da mat\u00e9ria, ministro Napole\u00e3o Nunes Maia Filho. Os ministros Jorge Mussi, Admar Gonzaga, Tarcisio Vieira de Carvalho Neto e Lu\u00eds Roberto Barroso tamb\u00e9m votaram para negar o provimento ao recurso. Somente a ministra Rosa Weber deu provimento parcial ao recurso em seu voto.<\/p>\n\n\n\n<figure><iframe width=\"727\" height=\"409\" data-src=\"https:\/\/www.youtube.com\/embed\/0D93vZrEm14\" allowfullscreen=\"\" src=\"data:image\/svg+xml;base64,PHN2ZyB3aWR0aD0iMSIgaGVpZ2h0PSIxIiB4bWxucz0iaHR0cDovL3d3dy53My5vcmcvMjAwMC9zdmciPjwvc3ZnPg==\" class=\"lazyload\" data-load-mode=\"1\"><\/iframe><\/figure>\n\n\n\n<p><strong>TRANSCRI\u00c7\u00c3O<\/strong><\/p>\n\n\n\n<p><em><strong>DANIEL:&nbsp;<\/strong><\/em>Outra coisa! &#8230; acho que o GILBERTO t\u00e1 &#8230; t\u00e1 me informando a\u00ed que t\u00e1 trabalhando pra caramba l\u00e1 o neg\u00f3cio do &#8230; do FUX &#8230; n\u00e9? Complicado. \u00c9\u2026 O GILBERTO me atualizou hoje a conversa &#8230; que &#8230; que &#8230; parte da conversa eu n\u00e3o sabia &#8230; o neg\u00f3cio do sogro. Enfim\u2026Eu, segunda-feira, eu vou pessoalmente conversar com DOUTOR ANTONIO CARLOS AMORIM&nbsp; que \u00e9 o EX-PRESIDENTE DO TRIBUNAL DE JUSTI\u00c7A &#8230; foi quem conversou com a filha &#8230;dele &#8230; e me deu toda as garantias do mundo que estariam ok &#8230;&nbsp;<\/p>\n\n\n\n<p><em><strong>RICARDO COUTINHO:&nbsp;<\/strong><\/em>Certo!<\/p>\n\n\n\n<p>DANIEL: Mas a\u00ed &#8230; enfim, como t\u00e1\u2026 t\u00e1 essas press\u00f5es grandes l\u00e1 &#8230; eu t\u00f4 mantendo o GILBERTO bem informado dos coment\u00e1rios &#8230;<\/p>\n\n\n\n<p><em><strong>RICARDO COUTINHO:&nbsp;<\/strong><\/em>Porque esses caras \u2026 Eu imagino &#8230;&nbsp;<\/p>\n\n\n\n<p><em><strong>DANIEL:&nbsp;&nbsp;<\/strong><\/em>Voc\u00ea viu? O de TOCANTINS hoje?<\/p>\n\n\n\n<p><em><strong>&lt;&lt;&lt; COMENT\u00c1RIO NOSSO: Daniel se refere neste momento a uma decis\u00e3o do TSE que cassou por 5 x 2 votos, o governador e vice do Tocantins por abuso de poder econ\u00f4mico, em 22 de mar\u00e7o de 2018.&gt;&gt;&gt;<br><\/strong><\/em><\/p>\n\n\n\n<p><em><strong>RICARDO COUTINHO:&nbsp;<\/strong><\/em>\u00c9 &#8230; se bem que TOCANTINS era &#8230;&nbsp;<\/p>\n\n\n\n<p><em><strong>DANIEL:&nbsp;<\/strong><\/em>Claro! Diferente!<\/p>\n\n\n\n<p><strong><em>RICARDO COUTINHO:&nbsp;<\/em><\/strong>Carregado &#8230; n\u00e9! Agora &#8230;&nbsp;<\/p>\n\n\n\n<p><strong><em>DANIEL:&nbsp;<\/em><\/strong>N\u00e3o seu caso &#8230; O senhor ganhou no TRE &#8230; unanimidade.<\/p>\n\n\n\n<p><strong><em>RICARDO COUTINHO:&nbsp;<\/em><\/strong>\u00c9 o &#8230;(Inintelig\u00edvel) &#8230;<\/p>\n\n\n\n<p><strong><em>DANIEL:&nbsp;<\/em><\/strong>\u00c9 que &#8230; procurar pelo em ovo, n\u00e9!?<\/p>\n\n\n\n<p><strong><em>RICARDO COUTINHO:&nbsp;<\/em><\/strong>O neg\u00f3cio rapaz! Eu sei &#8230; aquele jabuti \u2026 o cara bota aqui pra extorquir &#8230;(resmunga)&#8230; \u00e9 uma loucura um neg\u00f3cio desse &#8230;<\/p>\n\n\n\n<p><strong><em>DANIEL:&nbsp;<\/em><\/strong>Ele me contou a hist\u00f3ria, a\u00ed eu \u2026<\/p>\n\n\n\n<p><strong><em>RICARDO COUTINHO:&nbsp;<\/em><\/strong>&#8230; (inintelig\u00edvel) &#8230;n\u00e3o existe &#8230; pra &#8230; (inintelig\u00edvel) &#8230; enfim&#8230;&nbsp;<\/p>\n\n\n\n<p><strong><em>DANIEL:&nbsp;<\/em><\/strong>Eu j\u00e1 t\u00f4 umas duas semanas falando com GILBERTO especificamente sobre isso &#8230; pr\u00e1 &#8230; O DOUTOR ANTONIO CARLOS conversou com a filha, conversou com (inintelig\u00edvel \u2013 tudo? T\u00falio?)&#8230; conversou comigo e depois foi direto nele &#8230;&nbsp;<\/p>\n\n\n\n<p><strong><em>RICARDO COUTINHO:&nbsp;<\/em><\/strong>ANTONIO CARLOS \u00e9 o pai?<\/p>\n\n\n\n<p><strong><em>DANIEL:&nbsp;<\/em><\/strong>\u00c9 o&#8230; n\u00e3o&#8230; ANTONIO CARLOS AMORIM foi Presidente do Tribunal de Justi\u00e7a do Rio de Janeiro &#8230; ele tem uma \u00f3tima rela\u00e7\u00e3o com a filha de FUX &#8230;&nbsp;<\/p>\n\n\n\n<p><strong><em>RICARDO COUTINHO:&nbsp;<\/em><\/strong>Hum!<\/p>\n\n\n\n<p><strong><em>DANIEL:&nbsp;<\/em><\/strong>Conversou com (sic) e a filha levou ao FUX. Eles se conhecem tamb\u00e9m de &#8230; DESEMBARGADOR enfim &#8230;&nbsp;<\/p>\n\n\n\n<p><strong><em>RICARDO COUTINHO:&nbsp;<\/em><\/strong>Claro!<\/p>\n\n\n\n<p><strong><em>DANIEL:&nbsp;<\/em><\/strong>\u00c9 &#8230; tem uma boa rela\u00e7\u00e3o &#8230; e explicou o caso &#8230; eu j\u00e1 tinha mandando ela, detalhado tudo. O GILBERTO j\u00e1 tinha me explicado, mas eu \u2026 (inintelig\u00edvel)&#8230; falei tudo &#8230; pegou tudo l\u00e1 o advogado &#8230; eu conhe\u00e7o h\u00e1 muito tempo &#8230; de \u00f3tima confian\u00e7a, enfim &#8230; Trabalha pra mim em diversos projetos &#8230; J\u00e1 \u00e9 um senhor de 70 e poucos anos &#8230; \u00c9 um dos \u00edcones l\u00e1 &#8230; O pr\u00e9dio do TRIBUNAL DE JUSTI\u00c7A do RIO DE JANEIRO &#8230; T\u00e1 l\u00e1 a placa dele. Foi ele que inaugurou\u2026 Ent\u00e3o o pessoal tem um carinho muito grande por ele &#8230; e..ele depois me ligou e falou \u201colha, t\u00e1 garantido &#8230; ele falou que vai acompanhar o voto do TRE &#8230; \u201dOu seja &#8230;&nbsp;<\/p>\n\n\n\n<p><strong><em>RICARDO COUTINHO:&nbsp;<\/em><\/strong>Foi bem, mas &#8230;&nbsp;<\/p>\n\n\n\n<p><strong><em>DANIEL:&nbsp;<\/em><\/strong>S\u00f3 que depois pintou &#8230; algumas outras coisas &#8230; que depois ele inclusive me ligou quando teve o primeiro adiamento &#8230; depois o segundo adiamento &#8230; oh! &#8230; Tem um monte de gente procurando ele efetivamente contr\u00e1rio ao &#8230; a &#8230; ao RICARDO, ent\u00e3o tome &#8230; tomem cuidado &#8230;e vamos monitorar de perto &#8230; \u00e9 que hoje o &#8230; o GILBERTO me contou a parte da hist\u00f3ria que eu n\u00e3o sabia &#8230; que \u00e9 a parte do SOGRO, ent\u00e3o eu &#8230; segunda feira vou amanh\u00e3 cedo pro escrit\u00f3rio dele &#8230; e vou conversar com ele pra ver o que que a gente &#8230; que pode ser que o cara &#8230; \u00c9 estranha essa \u00faltima hist\u00f3ria do VIDAL do &#8230; do&#8230; do BRUNO do TCU que teve l\u00e1 conversando com ele e &#8230; se ele j\u00e1 tava dito pro DOUTOR ANTONIO CARLOS AMORIM que iria acompanhar o TRE porque ele n\u00e3o falou isso pro cara do TCU, n\u00e9? &#8230; N\u00e3o falou nem que sim nem que n\u00e3o &#8230; ent\u00e3o eu confesso que o GILBERTO &#8230; (inintelig\u00edvel) \u2026 cair dentro essa semana.\u2026 Como adiou agora, tem duas semanas ainda pra o julgamento &#8230;<\/p>\n\n\n\n<p><strong><em>&lt;&lt;&lt; COMENT\u00c1RIO NOSSO: Daniel se refere neste momento a uma decis\u00e3o do TSE que retirou de pauta da vota\u00e7\u00e3o que estava prevista para acontecer no dia 22 de mar\u00e7o de 2018, s\u00f3 colocando em pauta novamente em 24 de abril de 2018. Daniel Gomes ainda se refere neste trecho a dois ministros do TCU: Vidal, que serial Vital do Rego e Bruno Dantas Nascimento, outro ministro do TCU&gt;&gt;&gt;<\/em><\/strong><\/p>\n\n\n\n<p><strong><em>RICARDO COUTINHO:&nbsp;<\/em><\/strong>A quest\u00e3o..botaram aqui uma advogada &#8230; pra &#8230;&nbsp;<\/p>\n\n\n\n<p><strong><em>DANIEL:&nbsp;<\/em><\/strong>Pra vasculhar isso &#8230;<\/p>\n\n\n\n<p><strong><em>RICARDO COUTINHO:&nbsp;<\/em><\/strong>Dando em cima do &#8230;&nbsp;<\/p>\n\n\n\n<p><em><strong>DANIEL:&nbsp;<\/strong><\/em>Olha a gente vai reso\u2026 Vamos trabalhar todo mundo junto pra resolver isso mas &#8230; O BARROSO eu n\u00e3o consegui, mas o GILBERTO disse que j\u00e1 conseguiu um caminho com BARROSO &#8230; BARROSO eu n\u00e3o\u2026<\/p>\n\n\n\n<p><strong><em>RICARDO COUTINHO:&nbsp;<\/em><\/strong>\u00c9 o BARROSO \u00e9 &#8230;&nbsp;<\/p>\n\n\n\n<p><em><strong>DANIEL:&nbsp;<\/strong><\/em>\u00c9 dif\u00edcil! &#8230; \u00e9 um filho, oh! \u2026 \u201ctoma at\u00e9 cuidado que ele \u00e9 um cara\u201d<\/p>\n\n\n\n<p><strong><em>RICARDO COUTINHO:&nbsp;<\/em><\/strong>\u00c9 &#8230;&nbsp;<\/p>\n\n\n\n<p><em><strong>DANIEL:&nbsp;<\/strong><\/em>Dif\u00edcil &#8230; at\u00e9 pra conversar \u00e9 dif\u00edcil &#8230;&nbsp;<\/p>\n\n\n\n<p><strong><em>RICARDO COUTINHO:&nbsp;<\/em><\/strong>\u00c9 &#8230;&nbsp;<\/p>\n\n\n\n<p><strong><em>DANIEL:&nbsp;<\/em><\/strong>Mas enfim &#8230; a princ\u00edpio o FUX\u2026 presidente hoje n\u00e9!? Seria um voto importante n\u00e9? E eles t\u00e3o votando juntos de novo n\u00e9, ou seja \u2026 o pessoal do&nbsp;SUPREMO t\u00e1 votando todo mundo junto no TSE\u2026&nbsp;<\/p>\n\n\n\n<p><em><strong>RICARDO COUTINHO:&nbsp;<\/strong><\/em>Tudo mundo junto &#8230; tudo junto &#8230;<\/p>\n\n\n\n<p><em><strong>DANIEL:&nbsp;<\/strong><\/em>Ent\u00e3o &#8230; se a gente tiver a garantia de um certo &#8230; a grande dos outros irem juntos &#8230;&nbsp;<\/p>\n\n\n\n<p><strong><em>RICARDO COUTINHO:&nbsp;<\/em><\/strong>O problema rapaz que pra esse povo &#8230;que \u00e9 vital\u00edcio (bate as m\u00e3os) Porra! Olha &#8230; n\u00e3o vale porra nenhuma &#8230; o que o povo.. T\u00e1 nem a\u00ed\u2026 Isso \u00e9, s\u00e3o uns\u2026 malucos<\/p>\n\n\n\n<p><strong><em>DANIEL:&nbsp;<\/em><\/strong>Num tem &#8230; num tem essa hist\u00f3ria&#8230; Ali num tem &#8230; \u00e9 dif\u00edcil &#8230;<\/p>\n","protected":false},"excerpt":{"rendered":"<p>Grava\u00e7\u00f5es obtidas atrav\u00e9s da dela\u00e7\u00e3o de Daniel Gomes da Silva, operador das Organiza\u00e7\u00f5es Sociais (OSs) Cruz Vermelha do Brasil (CVB) mostram o ex-governador da Para\u00edba,&hellip; <\/p>\n","protected":false},"author":1,"featured_media":145048,"comment_status":"closed","ping_status":"closed","sticky":false,"template":"","format":"standard","meta":{"sfsi_plus_gutenberg_text_before_share":"","sfsi_plus_gutenberg_show_text_before_share":"","sfsi_plus_gutenberg_icon_type":"","sfsi_plus_gutenberg_icon_alignemt":"","sfsi_plus_gutenburg_max_per_row":"","footnotes":""},"categories":[11],"tags":[],"class_list":["post-145047","post","type-post","status-publish","format-standard","has-post-thumbnail","hentry","category-politica"],"_links":{"self":[{"href":"https:\/\/www.caririemacao.com\/1\/wp-json\/wp\/v2\/posts\/145047","targetHints":{"allow":["GET"]}}],"collection":[{"href":"https:\/\/www.caririemacao.com\/1\/wp-json\/wp\/v2\/posts"}],"about":[{"href":"https:\/\/www.caririemacao.com\/1\/wp-json\/wp\/v2\/types\/post"}],"author":[{"embeddable":true,"href":"https:\/\/www.caririemacao.com\/1\/wp-json\/wp\/v2\/users\/1"}],"replies":[{"embeddable":true,"href":"https:\/\/www.caririemacao.com\/1\/wp-json\/wp\/v2\/comments?post=145047"}],"version-history":[{"count":1,"href":"https:\/\/www.caririemacao.com\/1\/wp-json\/wp\/v2\/posts\/145047\/revisions"}],"predecessor-version":[{"id":145049,"href":"https:\/\/www.caririemacao.com\/1\/wp-json\/wp\/v2\/posts\/145047\/revisions\/145049"}],"wp:featuredmedia":[{"embeddable":true,"href":"https:\/\/www.caririemacao.com\/1\/wp-json\/wp\/v2\/media\/145048"}],"wp:attachment":[{"href":"https:\/\/www.caririemacao.com\/1\/wp-json\/wp\/v2\/media?parent=145047"}],"wp:term":[{"taxonomy":"category","embeddable":true,"href":"https:\/\/www.caririemacao.com\/1\/wp-json\/wp\/v2\/categories?post=145047"},{"taxonomy":"post_tag","embeddable":true,"href":"https:\/\/www.caririemacao.com\/1\/wp-json\/wp\/v2\/tags?post=145047"}],"curies":[{"name":"wp","href":"https:\/\/api.w.org\/{rel}","templated":true}]}}