{"id":145056,"date":"2020-01-07T13:29:12","date_gmt":"2020-01-07T16:29:12","guid":{"rendered":"http:\/\/www.caririemacao.com\/1\/?p=145056"},"modified":"2020-01-07T13:29:12","modified_gmt":"2020-01-07T16:29:12","slug":"bolsonaro-culpa-aumento-de-beneficiarios-por-remanejamento-do-bolsa-familia","status":"publish","type":"post","link":"https:\/\/www.caririemacao.com\/1\/2020\/01\/07\/bolsonaro-culpa-aumento-de-beneficiarios-por-remanejamento-do-bolsa-familia\/","title":{"rendered":"Bolsonaro culpa aumento de benefici\u00e1rios por remanejamento do Bolsa Fam\u00edlia"},"content":{"rendered":"\n<p>&nbsp;O presidente Jair Bolsonaro (sem partido) culpou nesta ter\u00e7a-feira (7) o aumento do n\u00famero de benefici\u00e1rios do Bolsa Fam\u00edlia pelo remanejamento de recursos da Previd\u00eancia para pagar o 13\u00b0 sal\u00e1rio do programa.&nbsp;<\/p>\n\n\n\n<p>&#8220;Voc\u00eas est\u00e3o loucos para que eu desse um corte no Bolsa Fam\u00edlia. Deve ser isso. Atendemos o Bolsa Fam\u00edlia. Deve ter havido remanejamento, tudo de forma legal, sem problema nenhum&#8221;, disse ao sair do Pal\u00e1cio da Alvorada.&nbsp;<\/p>\n\n\n\n<p>Apesar da declara\u00e7\u00e3o do presidente, a cobertura do Bolsa Fam\u00edlia segue caindo na gest\u00e3o Bolsonaro. Em dezembro, foi a menor do ano passado: 13,1 milh\u00f5es de fam\u00edlias atendidas.<\/p>\n\n\n\n<p>O presidente reconheceu que h\u00e1 falta de recursos para pagar o benef\u00edcio, que foi promessa sua de campanha, e culpou o ingresso de novos benefici\u00e1rios.&nbsp;<\/p>\n\n\n\n<p>&#8220;N\u00f3s estamos buscando a maneira de trabalhar melhor na quest\u00e3o do Bolsa Familia para evitar que entre com tanta facilidade sem filtro muitas pessoas&#8221;, acrescentou.<br>Quando era candidato, Bolsonaro n\u00e3o dizia de onde tiraria o dinheiro para pagar o 13\u00b0 sal\u00e1rio, mas afirmava que a realiza\u00e7\u00e3o de um pente-fino no programa seria suficiente para cobrir a despesa.<\/p>\n\n\n\n<p>&#8220;O maior problema n\u00e3o \u00e9 o pente-fino que \u00e9 feito regularmente \u00e9 a quantidade de munic\u00edpios que &#8230; Tem que ter um mecanismo para punir aqueles que est\u00e3o na ponta da linha e que simplesmente v\u00e3o botando para dentro do Bolsa Familia sem nenhuma responsabilidade&#8221;, afirmou.<\/p>\n\n\n\n<p>Questionado se o pente-fino n\u00e3o foi suficiente, ele disse que &#8220;a entrada de \u00e1gua est\u00e1 sendo menor do que os buracos que t\u00eam ainda no programa&#8221;.<\/p>\n\n\n\n<p>Como mostrou o jornal Folha de S.Paulo nesta ter\u00e7a, para conseguir pagar a 13\u00aa parcela aos benefici\u00e1rios do Bolsa Fam\u00edlia, o governo teve de usar parte da verba que estava prevista para aposentadorias e pens\u00f5es.<\/p>\n\n\n\n<p>Em mais um cap\u00edtulo dos problemas enfrentados sob comando de Jair Bolsonaro, o programa social precisou de dinheiro \u00e0s pressas para evitar que fam\u00edlias ficassem desamparadas. Foi necess\u00e1rio remanejar o Or\u00e7amento no fim de 2019 e, assim, retirar recursos de outras \u00e1reas.<\/p>\n\n\n\n<p>Sem o aumento dos repasses ao programa, cerca de 1 milh\u00e3o de fam\u00edlias poderiam ficar fora da cobertura em dezembro, que incluiu tamb\u00e9m a 13\u00aa parcela.<\/p>\n\n\n\n<p>At\u00e9 parte do dinheiro que estava reservada para a Previd\u00eancia Social foi alvo do corte. O Minist\u00e9rio da Economia confirmou o remanejamento dos recursos.<\/p>\n\n\n\n<p>O governo considerou que gastaria menos com benef\u00edcios previdenci\u00e1rios em 2019 por causa do combate a fraudes, mas tamb\u00e9m em raz\u00e3o do atraso do INSS (Instituto Nacional do Seguro Social) para responder a pedidos de aposentadorias e pens\u00f5es.<\/p>\n\n\n\n<p>Essa demora vem prejudicando idosos que aguardam uma reposta do INSS. Com esse represamento na an\u00e1lise, houve uma folga no or\u00e7amento da Previd\u00eancia.<\/p>\n\n\n\n<p>A queda na cobertura do Bolsa Fam\u00edlia tem sido provocada artificialmente. Como publicou a Folha de S.Paulo, o governo passou a controlar a inclus\u00e3o de benefici\u00e1rios no programa, cujo objetivo \u00e9 reduzir a desigualdade no pa\u00eds, por causa da falta de dinheiro.<\/p>\n\n\n\n<p>Cerca de 700 mil fam\u00edlias pediram o aux\u00edlio ao governo e aguardam na fila de espera.<br>O Bolsa Fam\u00edlia atende pessoas que vivem em situa\u00e7\u00e3o de extrema pobreza, com renda per capita de at\u00e9 R$ 89 mensais, e pobreza, com renda entre R$ 89,01 e R$ 178 por m\u00eas. O benef\u00edcio m\u00e9dio \u00e9 de R$ 191,08.<br><\/p>\n","protected":false},"excerpt":{"rendered":"<p>&nbsp;O presidente Jair Bolsonaro (sem partido) culpou nesta ter\u00e7a-feira (7) o aumento do n\u00famero de benefici\u00e1rios do Bolsa Fam\u00edlia pelo remanejamento de recursos da Previd\u00eancia&hellip; <\/p>\n","protected":false},"author":1,"featured_media":52955,"comment_status":"closed","ping_status":"closed","sticky":false,"template":"","format":"standard","meta":{"sfsi_plus_gutenberg_text_before_share":"","sfsi_plus_gutenberg_show_text_before_share":"","sfsi_plus_gutenberg_icon_type":"","sfsi_plus_gutenberg_icon_alignemt":"","sfsi_plus_gutenburg_max_per_row":"","footnotes":""},"categories":[50,11],"tags":[],"class_list":["post-145056","post","type-post","status-publish","format-standard","has-post-thumbnail","hentry","category-destaque","category-politica"],"_links":{"self":[{"href":"https:\/\/www.caririemacao.com\/1\/wp-json\/wp\/v2\/posts\/145056","targetHints":{"allow":["GET"]}}],"collection":[{"href":"https:\/\/www.caririemacao.com\/1\/wp-json\/wp\/v2\/posts"}],"about":[{"href":"https:\/\/www.caririemacao.com\/1\/wp-json\/wp\/v2\/types\/post"}],"author":[{"embeddable":true,"href":"https:\/\/www.caririemacao.com\/1\/wp-json\/wp\/v2\/users\/1"}],"replies":[{"embeddable":true,"href":"https:\/\/www.caririemacao.com\/1\/wp-json\/wp\/v2\/comments?post=145056"}],"version-history":[{"count":1,"href":"https:\/\/www.caririemacao.com\/1\/wp-json\/wp\/v2\/posts\/145056\/revisions"}],"predecessor-version":[{"id":145057,"href":"https:\/\/www.caririemacao.com\/1\/wp-json\/wp\/v2\/posts\/145056\/revisions\/145057"}],"wp:featuredmedia":[{"embeddable":true,"href":"https:\/\/www.caririemacao.com\/1\/wp-json\/wp\/v2\/media\/52955"}],"wp:attachment":[{"href":"https:\/\/www.caririemacao.com\/1\/wp-json\/wp\/v2\/media?parent=145056"}],"wp:term":[{"taxonomy":"category","embeddable":true,"href":"https:\/\/www.caririemacao.com\/1\/wp-json\/wp\/v2\/categories?post=145056"},{"taxonomy":"post_tag","embeddable":true,"href":"https:\/\/www.caririemacao.com\/1\/wp-json\/wp\/v2\/tags?post=145056"}],"curies":[{"name":"wp","href":"https:\/\/api.w.org\/{rel}","templated":true}]}}