{"id":145061,"date":"2020-01-07T13:30:14","date_gmt":"2020-01-07T16:30:14","guid":{"rendered":"http:\/\/www.caririemacao.com\/1\/?p=145061"},"modified":"2020-01-07T13:30:14","modified_gmt":"2020-01-07T16:30:14","slug":"dupla-invade-residencia-e-faz-jornalista-refem-na-paraiba","status":"publish","type":"post","link":"https:\/\/www.caririemacao.com\/1\/2020\/01\/07\/dupla-invade-residencia-e-faz-jornalista-refem-na-paraiba\/","title":{"rendered":"Dupla invade resid\u00eancia e faz jornalista ref\u00e9m na Para\u00edba"},"content":{"rendered":"\n<p>Dois homens invadiram uma resid\u00eancia, na noite desta segunda-feira (6), na praia de Jacum\u00e3, no munic\u00edpio do Conde, na Para\u00edba. A dupla armada invadiu a resid\u00eancia e anunciou o assalto.<\/p>\n\n\n\n<p>Na resid\u00eancia estavam cinco pessoas, que foram amarradas e colocadas dentro de um dos c\u00f4modos da casa.&nbsp;<\/p>\n\n\n\n<p>Os suspeitos colocaram dentro do carro da fam\u00edlia, celulares, duas alian\u00e7as de ouro, dinheiro e um aparelho de TV. Antes de fugir, um jornalista de 61 anos, que era uma das v\u00edtimas, foi colocado dentro do carro.<\/p>\n\n\n\n<p>Os suspeitos fugiram&nbsp;e liberaram o homem no bairro Colinas do Sul, em Jo\u00e3o Pessoa.<\/p>\n\n\n\n<p>At\u00e9 o momento ningu\u00e9m foi preso.&nbsp;<\/p>\n","protected":false},"excerpt":{"rendered":"<p>Dois homens invadiram uma resid\u00eancia, na noite desta segunda-feira (6), na praia de Jacum\u00e3, no munic\u00edpio do Conde, na Para\u00edba. A dupla armada invadiu a&hellip; <\/p>\n","protected":false},"author":1,"featured_media":27587,"comment_status":"closed","ping_status":"closed","sticky":false,"template":"","format":"standard","meta":{"sfsi_plus_gutenberg_text_before_share":"","sfsi_plus_gutenberg_show_text_before_share":"","sfsi_plus_gutenberg_icon_type":"","sfsi_plus_gutenberg_icon_alignemt":"","sfsi_plus_gutenburg_max_per_row":"","footnotes":""},"categories":[12],"tags":[],"class_list":["post-145061","post","type-post","status-publish","format-standard","has-post-thumbnail","hentry","category-policia"],"_links":{"self":[{"href":"https:\/\/www.caririemacao.com\/1\/wp-json\/wp\/v2\/posts\/145061","targetHints":{"allow":["GET"]}}],"collection":[{"href":"https:\/\/www.caririemacao.com\/1\/wp-json\/wp\/v2\/posts"}],"about":[{"href":"https:\/\/www.caririemacao.com\/1\/wp-json\/wp\/v2\/types\/post"}],"author":[{"embeddable":true,"href":"https:\/\/www.caririemacao.com\/1\/wp-json\/wp\/v2\/users\/1"}],"replies":[{"embeddable":true,"href":"https:\/\/www.caririemacao.com\/1\/wp-json\/wp\/v2\/comments?post=145061"}],"version-history":[{"count":1,"href":"https:\/\/www.caririemacao.com\/1\/wp-json\/wp\/v2\/posts\/145061\/revisions"}],"predecessor-version":[{"id":145064,"href":"https:\/\/www.caririemacao.com\/1\/wp-json\/wp\/v2\/posts\/145061\/revisions\/145064"}],"wp:featuredmedia":[{"embeddable":true,"href":"https:\/\/www.caririemacao.com\/1\/wp-json\/wp\/v2\/media\/27587"}],"wp:attachment":[{"href":"https:\/\/www.caririemacao.com\/1\/wp-json\/wp\/v2\/media?parent=145061"}],"wp:term":[{"taxonomy":"category","embeddable":true,"href":"https:\/\/www.caririemacao.com\/1\/wp-json\/wp\/v2\/categories?post=145061"},{"taxonomy":"post_tag","embeddable":true,"href":"https:\/\/www.caririemacao.com\/1\/wp-json\/wp\/v2\/tags?post=145061"}],"curies":[{"name":"wp","href":"https:\/\/api.w.org\/{rel}","templated":true}]}}