{"id":145068,"date":"2020-01-07T15:30:04","date_gmt":"2020-01-07T18:30:04","guid":{"rendered":"http:\/\/www.caririemacao.com\/1\/?p=145068"},"modified":"2020-01-07T15:30:04","modified_gmt":"2020-01-07T18:30:04","slug":"bolsonaro-pretende-manter-relacoes-comerciais-com-ira","status":"publish","type":"post","link":"https:\/\/www.caririemacao.com\/1\/2020\/01\/07\/bolsonaro-pretende-manter-relacoes-comerciais-com-ira\/","title":{"rendered":"Bolsonaro pretende manter rela\u00e7\u00f5es comerciais com Ir\u00e3"},"content":{"rendered":"\n<p><br>Opresidente Jair Bolsonaro disse hoje (7) que o Brasil pretende manter as rela\u00e7\u00f5es comerciais com o Ir\u00e3 e afirmou que repudia o terrorismo.<\/p>\n\n\n\n<p>\u201cN\u00f3s repudiamos o terrorismo em qualquer lugar do mundo e ponto final. Temos com\u00e9rcio com o Ir\u00e3 e vamos continuar esse com\u00e9rcio\u201d, disse, ao deixar o Pal\u00e1cio da Alvorada na manh\u00e3 desta ter\u00e7a-feira.<\/p>\n\n\n\n<p>Na semana passada, o governo brasileiro manifestou seu apoio \u201c\u00e0 luta contra o flagelo do terrorismo\u201d. A nota do Minist\u00e9rio das Rela\u00e7\u00f5es Exteriores foi divulgada um dia ap\u00f3s a a\u00e7\u00e3o ordenada pelo presidente dos Estados Unidos, Donald Trump, ter matado Qassem Soleimani, principal general iraniano e considerado por muitos analistas como o segundo homem mais poderoso do governo iraniano.<\/p>\n\n\n\n<p>O ataque ocorreu nas proximidades do Aeroporto de Bagd\u00e1, capital do Iraque. O Itamaraty, entretanto, n\u00e3o comentou a morte do general iraniano, mas condenou o ataque \u00e0 embaixada dos Estados Unidos em Bagd\u00e1, ocorrido dias antes.<\/p>\n\n\n\n<figure class=\"wp-block-image\"><img decoding=\"async\" data-src=\"https:\/\/paraibaonline.com.br\/wp-content\/uploads\/2020\/01\/bolsonaro-4.jpg\" alt=\"Foto: Ag\u00eancia Brasil\" class=\"wp-image-829572 lazyload\" src=\"data:image\/svg+xml;base64,PHN2ZyB3aWR0aD0iMSIgaGVpZ2h0PSIxIiB4bWxucz0iaHR0cDovL3d3dy53My5vcmcvMjAwMC9zdmciPjwvc3ZnPg==\" \/><\/figure>\n\n\n\n<p>Foto: Ag\u00eancia Brasil<\/p>\n\n\n\n<p>Nesta semana, o Minist\u00e9rio das Rela\u00e7\u00f5es Exteriores do Ir\u00e3 convocou os representantes diplom\u00e1ticos brasileiros a comparecerem \u00e0 chancelaria iraniana para explicar o teor da nota divulgada no \u00faltimo dia 3.<\/p>\n\n\n\n<p>A convoca\u00e7\u00e3o foi atendida pela encarregada de Neg\u00f3cios do Brasil em Teer\u00e3, Maria Cristina Lopes.<\/p>\n\n\n\n<p>Bolsonaro tamb\u00e9m disse hoje que vai conversar com o ministro das Rela\u00e7\u00f5es Exteriores, Ernesto Ara\u00fajo, sobre a possibilidade de pedir uma reuni\u00e3o com os diplomatas iranianos no Brasil. Para o presidente, o governo tem que ter a capacidade de se antecipar a problemas.<\/p>\n\n\n\n<p>No final da manh\u00e3, Bolsonaro esteve reunido com o ministro da Defesa, Fernando Azevedo, e com os comandantes das For\u00e7as Armadas, no Minist\u00e9rio da Defesa.<\/p>\n\n\n\n<p>Em conversa r\u00e1pida com jornalistas depois da reuni\u00e3o, Azevedo disse que a pauta do encontro foi aberta e que conversaram sobre a conjuntura internacional, regional e nacional, mas n\u00e3o especificou o que foi tratado sobre as rela\u00e7\u00f5es com o Ir\u00e3.<\/p>\n","protected":false},"excerpt":{"rendered":"<p>Opresidente Jair Bolsonaro disse hoje (7) que o Brasil pretende manter as rela\u00e7\u00f5es comerciais com o Ir\u00e3 e afirmou que repudia o terrorismo. \u201cN\u00f3s repudiamos&hellip; <\/p>\n","protected":false},"author":1,"featured_media":93815,"comment_status":"closed","ping_status":"closed","sticky":false,"template":"","format":"standard","meta":{"sfsi_plus_gutenberg_text_before_share":"","sfsi_plus_gutenberg_show_text_before_share":"","sfsi_plus_gutenberg_icon_type":"","sfsi_plus_gutenberg_icon_alignemt":"","sfsi_plus_gutenburg_max_per_row":"","footnotes":""},"categories":[11],"tags":[],"class_list":["post-145068","post","type-post","status-publish","format-standard","has-post-thumbnail","hentry","category-politica"],"_links":{"self":[{"href":"https:\/\/www.caririemacao.com\/1\/wp-json\/wp\/v2\/posts\/145068","targetHints":{"allow":["GET"]}}],"collection":[{"href":"https:\/\/www.caririemacao.com\/1\/wp-json\/wp\/v2\/posts"}],"about":[{"href":"https:\/\/www.caririemacao.com\/1\/wp-json\/wp\/v2\/types\/post"}],"author":[{"embeddable":true,"href":"https:\/\/www.caririemacao.com\/1\/wp-json\/wp\/v2\/users\/1"}],"replies":[{"embeddable":true,"href":"https:\/\/www.caririemacao.com\/1\/wp-json\/wp\/v2\/comments?post=145068"}],"version-history":[{"count":1,"href":"https:\/\/www.caririemacao.com\/1\/wp-json\/wp\/v2\/posts\/145068\/revisions"}],"predecessor-version":[{"id":145070,"href":"https:\/\/www.caririemacao.com\/1\/wp-json\/wp\/v2\/posts\/145068\/revisions\/145070"}],"wp:featuredmedia":[{"embeddable":true,"href":"https:\/\/www.caririemacao.com\/1\/wp-json\/wp\/v2\/media\/93815"}],"wp:attachment":[{"href":"https:\/\/www.caririemacao.com\/1\/wp-json\/wp\/v2\/media?parent=145068"}],"wp:term":[{"taxonomy":"category","embeddable":true,"href":"https:\/\/www.caririemacao.com\/1\/wp-json\/wp\/v2\/categories?post=145068"},{"taxonomy":"post_tag","embeddable":true,"href":"https:\/\/www.caririemacao.com\/1\/wp-json\/wp\/v2\/tags?post=145068"}],"curies":[{"name":"wp","href":"https:\/\/api.w.org\/{rel}","templated":true}]}}