{"id":145074,"date":"2020-01-07T15:31:28","date_gmt":"2020-01-07T18:31:28","guid":{"rendered":"http:\/\/www.caririemacao.com\/1\/?p=145074"},"modified":"2020-01-07T15:31:28","modified_gmt":"2020-01-07T18:31:28","slug":"vice-governadora-evita-falar-sobre-operacao-calvario","status":"publish","type":"post","link":"https:\/\/www.caririemacao.com\/1\/2020\/01\/07\/vice-governadora-evita-falar-sobre-operacao-calvario\/","title":{"rendered":"Vice-governadora evita falar sobre Opera\u00e7\u00e3o Calv\u00e1rio"},"content":{"rendered":"\n<p>Durante o evento de lan\u00e7amento do Sal\u00e3o do Artesanato paraibano, que aconteceu nesta ter\u00e7a-feira (07), em Jo\u00e3o Pessoa, a vice-governadora do Estado, L\u00edgia Feliciano (PDT), evitou comentar sobre os desdobramentos da&nbsp;<a href=\"https:\/\/paraibaonline.com.br\/2019\/12\/operacao-calvario-350-policiais-nas-ruas-18-prisoes\/\">Opera\u00e7\u00e3o Calv\u00e1rio<\/a>.<\/p>\n\n\n\n<p>L\u00edgia n\u00e3o quis falar sobre a Opera\u00e7\u00e3o \u2013 que investiga um esquema de desvio de recursos nas \u00e1reas da Sa\u00fade e da Educa\u00e7\u00e3o na Para\u00edba, durante a gest\u00e3o do ex-governador&nbsp;<a href=\"https:\/\/paraibaonline.com.br\/2020\/01\/o-1o-pagamento-a-rc-foi-antes-de-2014-revela-delatora\/\">Ricardo Coutinho (PSB)<\/a>&nbsp;\u2013 e disse que permanecer\u00e1 sem tocar no assunto.<\/p>\n\n\n\n<p>\u201cA maior contribui\u00e7\u00e3o que posso dar \u00e0 pol\u00edtica, \u00e0s institui\u00e7\u00f5es e ao povo da Para\u00edba \u00e9 o meu sil\u00eancio\u201d pontuou.<\/p>\n","protected":false},"excerpt":{"rendered":"<p>Durante o evento de lan\u00e7amento do Sal\u00e3o do Artesanato paraibano, que aconteceu nesta ter\u00e7a-feira (07), em Jo\u00e3o Pessoa, a vice-governadora do Estado, L\u00edgia Feliciano (PDT),&hellip; <\/p>\n","protected":false},"author":1,"featured_media":24464,"comment_status":"closed","ping_status":"closed","sticky":false,"template":"","format":"standard","meta":{"sfsi_plus_gutenberg_text_before_share":"","sfsi_plus_gutenberg_show_text_before_share":"","sfsi_plus_gutenberg_icon_type":"","sfsi_plus_gutenberg_icon_alignemt":"","sfsi_plus_gutenburg_max_per_row":"","footnotes":""},"categories":[11],"tags":[],"class_list":["post-145074","post","type-post","status-publish","format-standard","has-post-thumbnail","hentry","category-politica"],"_links":{"self":[{"href":"https:\/\/www.caririemacao.com\/1\/wp-json\/wp\/v2\/posts\/145074","targetHints":{"allow":["GET"]}}],"collection":[{"href":"https:\/\/www.caririemacao.com\/1\/wp-json\/wp\/v2\/posts"}],"about":[{"href":"https:\/\/www.caririemacao.com\/1\/wp-json\/wp\/v2\/types\/post"}],"author":[{"embeddable":true,"href":"https:\/\/www.caririemacao.com\/1\/wp-json\/wp\/v2\/users\/1"}],"replies":[{"embeddable":true,"href":"https:\/\/www.caririemacao.com\/1\/wp-json\/wp\/v2\/comments?post=145074"}],"version-history":[{"count":1,"href":"https:\/\/www.caririemacao.com\/1\/wp-json\/wp\/v2\/posts\/145074\/revisions"}],"predecessor-version":[{"id":145075,"href":"https:\/\/www.caririemacao.com\/1\/wp-json\/wp\/v2\/posts\/145074\/revisions\/145075"}],"wp:featuredmedia":[{"embeddable":true,"href":"https:\/\/www.caririemacao.com\/1\/wp-json\/wp\/v2\/media\/24464"}],"wp:attachment":[{"href":"https:\/\/www.caririemacao.com\/1\/wp-json\/wp\/v2\/media?parent=145074"}],"wp:term":[{"taxonomy":"category","embeddable":true,"href":"https:\/\/www.caririemacao.com\/1\/wp-json\/wp\/v2\/categories?post=145074"},{"taxonomy":"post_tag","embeddable":true,"href":"https:\/\/www.caririemacao.com\/1\/wp-json\/wp\/v2\/tags?post=145074"}],"curies":[{"name":"wp","href":"https:\/\/api.w.org\/{rel}","templated":true}]}}