{"id":145076,"date":"2020-01-07T15:32:41","date_gmt":"2020-01-07T18:32:41","guid":{"rendered":"http:\/\/www.caririemacao.com\/1\/?p=145076"},"modified":"2020-01-07T15:32:41","modified_gmt":"2020-01-07T18:32:41","slug":"bebes-ficam-sem-vacina-pentavalente-ha-mais-de-dois-meses-na-pb","status":"publish","type":"post","link":"https:\/\/www.caririemacao.com\/1\/2020\/01\/07\/bebes-ficam-sem-vacina-pentavalente-ha-mais-de-dois-meses-na-pb\/","title":{"rendered":"Beb\u00eas ficam sem vacina pentavalente h\u00e1 mais de dois meses na PB"},"content":{"rendered":"\n<p>A falta de vacina pentavalente nos postos de Sa\u00fade da Para\u00edba completa dois meses em janeiro. A imuniza\u00e7\u00e3o garante a&nbsp;prote\u00e7\u00e3o de beb\u00eas contra a difteria, t\u00e9tano, coqueluche, hepatite B e contra a bact\u00e9ria haemophilus influenza tipo b, respons\u00e1vel por infec\u00e7\u00f5es no nariz, meninge e na garganta.&nbsp;Com a falta dos postos de sa\u00fade, m\u00e3es denunciaram ao Portal ClickPB que chegam a pagar em uma \u00fanica dose o valor de&nbsp;R$ 400 reais em farm\u00e1cias especializadas.&nbsp;<\/p>\n\n\n\n<p>De acordo com o Minist\u00e9rio da Sa\u00fade, a vacina pentavalente \u00e9 a combina\u00e7\u00e3o de cinco vacinas individuais em uma. &nbsp;As crian\u00e7as devem tomar tr\u00eas doses da vacina: aos 2, aos 4 e aos 6 meses de vida.<\/p>\n\n\n\n<p>Em nota do \u00f3rg\u00e3o enviada ao Portal ClickPB,&nbsp;n\u00e3o existe previs\u00e3o de retomada do repasse das vacinas, o motivo alegado s\u00e3o&nbsp;complica\u00e7\u00f5es com os fornecedores, j\u00e1 que elas s\u00e3o importadas e&nbsp;quando \u00e9 transportada para os estados, precisa de autoriza\u00e7\u00e3o da Ag\u00eancia Nacional de Vigil\u00e2ncia Sanit\u00e1ria (Anvisa), mas que o \u00faltimo lote n\u00e3o teria sido autorizado por causa de irregularidades, havendo&nbsp;o retorno dos produtos.<\/p>\n\n\n\n<p>Mais de 88 mil vacinas s\u00e3o destinadas ao estado da Para\u00edba. A \u00faltima remessa da pasta foi feita em outubro, com o envio 885 mil doses para todo o pa\u00eds e 14 mil para a Para\u00edba.<br><\/p>\n\n\n\n<p>Desde 2012, o Programa Nacional de Imuniza\u00e7\u00f5es (PNI), do Minist\u00e9rio da Sa\u00fade, oferta a vacina pentavalente na rotina do Calend\u00e1rio Nacional de Vacina\u00e7\u00e3o.&nbsp;<\/p>\n","protected":false},"excerpt":{"rendered":"<p>A falta de vacina pentavalente nos postos de Sa\u00fade da Para\u00edba completa dois meses em janeiro. A imuniza\u00e7\u00e3o garante a&nbsp;prote\u00e7\u00e3o de beb\u00eas contra a difteria,&hellip; <\/p>\n","protected":false},"author":1,"featured_media":118162,"comment_status":"closed","ping_status":"closed","sticky":false,"template":"","format":"standard","meta":{"sfsi_plus_gutenberg_text_before_share":"","sfsi_plus_gutenberg_show_text_before_share":"","sfsi_plus_gutenberg_icon_type":"","sfsi_plus_gutenberg_icon_alignemt":"","sfsi_plus_gutenburg_max_per_row":"","footnotes":""},"categories":[16],"tags":[],"class_list":["post-145076","post","type-post","status-publish","format-standard","has-post-thumbnail","hentry","category-saude"],"_links":{"self":[{"href":"https:\/\/www.caririemacao.com\/1\/wp-json\/wp\/v2\/posts\/145076","targetHints":{"allow":["GET"]}}],"collection":[{"href":"https:\/\/www.caririemacao.com\/1\/wp-json\/wp\/v2\/posts"}],"about":[{"href":"https:\/\/www.caririemacao.com\/1\/wp-json\/wp\/v2\/types\/post"}],"author":[{"embeddable":true,"href":"https:\/\/www.caririemacao.com\/1\/wp-json\/wp\/v2\/users\/1"}],"replies":[{"embeddable":true,"href":"https:\/\/www.caririemacao.com\/1\/wp-json\/wp\/v2\/comments?post=145076"}],"version-history":[{"count":1,"href":"https:\/\/www.caririemacao.com\/1\/wp-json\/wp\/v2\/posts\/145076\/revisions"}],"predecessor-version":[{"id":145077,"href":"https:\/\/www.caririemacao.com\/1\/wp-json\/wp\/v2\/posts\/145076\/revisions\/145077"}],"wp:featuredmedia":[{"embeddable":true,"href":"https:\/\/www.caririemacao.com\/1\/wp-json\/wp\/v2\/media\/118162"}],"wp:attachment":[{"href":"https:\/\/www.caririemacao.com\/1\/wp-json\/wp\/v2\/media?parent=145076"}],"wp:term":[{"taxonomy":"category","embeddable":true,"href":"https:\/\/www.caririemacao.com\/1\/wp-json\/wp\/v2\/categories?post=145076"},{"taxonomy":"post_tag","embeddable":true,"href":"https:\/\/www.caririemacao.com\/1\/wp-json\/wp\/v2\/tags?post=145076"}],"curies":[{"name":"wp","href":"https:\/\/api.w.org\/{rel}","templated":true}]}}