{"id":145080,"date":"2020-01-07T15:34:44","date_gmt":"2020-01-07T18:34:44","guid":{"rendered":"http:\/\/www.caririemacao.com\/1\/?p=145080"},"modified":"2020-01-07T15:34:44","modified_gmt":"2020-01-07T18:34:44","slug":"prefeito-responde-criticas-sobre-uso-de-maquina-e-diz-que-o-trabalho-continuara-vencendo-as-picuinhas-da-oposicao","status":"publish","type":"post","link":"https:\/\/www.caririemacao.com\/1\/2020\/01\/07\/prefeito-responde-criticas-sobre-uso-de-maquina-e-diz-que-o-trabalho-continuara-vencendo-as-picuinhas-da-oposicao\/","title":{"rendered":"Prefeito responde cr\u00edticas sobre uso de m\u00e1quina e diz que o \u201ctrabalho\u201d continuar\u00e1 vencendo as picuinhas da oposi\u00e7\u00e3o"},"content":{"rendered":"\n<p>O prefeito Jefferson Roberto respondeu a cr\u00edticas feitas por seus opositores em S\u00e3o Jos\u00e9 dos Cordeiros e lamentou o fato da oposi\u00e7\u00e3o n\u00e3o ter conseguido ainda compreender o lugar que o povo lhe reservou nas \u00faltimas 3 elei\u00e7\u00f5es. Jefferson rebateu as cr\u00edticas de que teria destinado m\u00e1quinas para uso particular na propriedade do ex-prefeito Fernando Queiroz.<\/p>\n\n\n\n<p>Segundo o gestor, de fato algumas m\u00e1quinas do munic\u00edpio esteve ajudando em dia de \u201cdomingo\u201d numa obra na propriedade privada do ex-gestor, mas a exemplo do que faz com todos os produtores que geram emprego e renda na cidade e pedem a parceria do munic\u00edpio, fornecendo o combust\u00edvel para o servi\u00e7o.<\/p>\n\n\n\n<p>\u201cFernando, como qualquer outra pessoa de S\u00e3o Jos\u00e9 dos Cordeiros, tem acesso \u00e0s maquinas do munic\u00edpio. Sempre realizamos parcerias p\u00fablico-privadas, especialmente porque nossa gest\u00e3o apoia qualquer atividade que gere emprego renda como a minera\u00e7\u00e3o, plantios irrigados e outros, que em algum momento beneficiam com seus empreendimentos a cidade de S\u00e3o Jos\u00e9 dos Cordeiros\u201d, enfatizou.<\/p>\n\n\n\n<p>Jefferson ressaltou que nos \u00faltimos tr\u00eas anos de seu governo, o trator de esteira j\u00e1 realizou 666 horas de trabalho dentro das parcerias P\u00fablico Privadas, que \u00e9 uma tend\u00eancia moderna das administra\u00e7\u00f5es p\u00fablicas.<\/p>\n\n\n\n<p><strong>Benef\u00edcio \u00e9 destinado a todos<\/strong><\/p>\n\n\n\n<p>O prefeito lembrou que entre os dias 1 a 6 de novembro de 2017, a Prefeitura de S\u00e3o Jos\u00e9 dos Cordeiros realizou essa mesma parceria com o Vereador de oposi\u00e7\u00e3o, Humberto Queiroz. Na oportunidade, foram realizadas 20 horas de servi\u00e7o com o trator de esteira para fazer a limpeza de um barreiro na propriedade de fam\u00edlia do parlamentar, no s\u00edtio Impoeira Funda. Pouco tempo depois, as chuvas ca\u00edram e encheram o reservat\u00f3rio que \u00e9 privado, mas beneficia a pessoas do local.<\/p>\n\n\n\n<p>\u201cN\u00e3o fazemos distin\u00e7\u00e3o de pessoas e atendemos a todos em suas necessidades e dentro de nosso cronograma de a\u00e7\u00e3o. Foi assim ainda quando contribu\u00edmos com servi\u00e7os na pista de vaquejada de Jo\u00e3o Medeiros, Geraldo Vicente, Nelson da comunidade Pedra Lavrada, dentre outros. \u201cSomos da turma do trabalho e n\u00e3o da ingratid\u00e3o\u201d, pontuou o prefeito Jefferson.<\/p>\n\n\n\n<p><strong>Cr\u00edticas eleitoreiras<\/strong><\/p>\n\n\n\n<p>Jefferson disse que as cr\u00edticas de seus opositores s\u00e3o oportunistas e s\u00f3 foram feitas, porque o benef\u00edcio foi dado ao ex-prefeito Fernando, que \u00e9 l\u00edder pol\u00edtico local e j\u00e1 foi respons\u00e1vel por v\u00e1rias de suas \u00faltimas derrotas.<\/p>\n\n\n\n<p>\u201cEnquanto a oposi\u00e7\u00e3o quiser trabalhar com revanchismo e cr\u00edticas rasteiras, responderemos com trabalho em prol da popula\u00e7\u00e3o de S\u00e3o Jos\u00e9 dos Cordeiros. Nesta segunda-feira, nossas m\u00e1quinas estiveram recuperando trechos da estrada que liga o Sim\u00e3o Lopes ao Algod\u00e3o, a pedido da popula\u00e7\u00e3o. Vamos continuar focados em trabalhar por nossa gente e deixo aos nossos opositores a resposta dada pelas urnas. Se quiserem continuar com picuinhas, continuar\u00e3o tamb\u00e9m com tiquinhos de votos em quantas elei\u00e7\u00f5es disputarem\u201d, pontuou Jefferson.<\/p>\n","protected":false},"excerpt":{"rendered":"<p>O prefeito Jefferson Roberto respondeu a cr\u00edticas feitas por seus opositores em S\u00e3o Jos\u00e9 dos Cordeiros e lamentou o fato da oposi\u00e7\u00e3o n\u00e3o ter conseguido&hellip; <\/p>\n","protected":false},"author":1,"featured_media":145081,"comment_status":"closed","ping_status":"closed","sticky":false,"template":"","format":"standard","meta":{"sfsi_plus_gutenberg_text_before_share":"","sfsi_plus_gutenberg_show_text_before_share":"","sfsi_plus_gutenberg_icon_type":"","sfsi_plus_gutenberg_icon_alignemt":"","sfsi_plus_gutenburg_max_per_row":"","footnotes":""},"categories":[6],"tags":[],"class_list":["post-145080","post","type-post","status-publish","format-standard","has-post-thumbnail","hentry","category-cidades"],"_links":{"self":[{"href":"https:\/\/www.caririemacao.com\/1\/wp-json\/wp\/v2\/posts\/145080","targetHints":{"allow":["GET"]}}],"collection":[{"href":"https:\/\/www.caririemacao.com\/1\/wp-json\/wp\/v2\/posts"}],"about":[{"href":"https:\/\/www.caririemacao.com\/1\/wp-json\/wp\/v2\/types\/post"}],"author":[{"embeddable":true,"href":"https:\/\/www.caririemacao.com\/1\/wp-json\/wp\/v2\/users\/1"}],"replies":[{"embeddable":true,"href":"https:\/\/www.caririemacao.com\/1\/wp-json\/wp\/v2\/comments?post=145080"}],"version-history":[{"count":1,"href":"https:\/\/www.caririemacao.com\/1\/wp-json\/wp\/v2\/posts\/145080\/revisions"}],"predecessor-version":[{"id":145082,"href":"https:\/\/www.caririemacao.com\/1\/wp-json\/wp\/v2\/posts\/145080\/revisions\/145082"}],"wp:featuredmedia":[{"embeddable":true,"href":"https:\/\/www.caririemacao.com\/1\/wp-json\/wp\/v2\/media\/145081"}],"wp:attachment":[{"href":"https:\/\/www.caririemacao.com\/1\/wp-json\/wp\/v2\/media?parent=145080"}],"wp:term":[{"taxonomy":"category","embeddable":true,"href":"https:\/\/www.caririemacao.com\/1\/wp-json\/wp\/v2\/categories?post=145080"},{"taxonomy":"post_tag","embeddable":true,"href":"https:\/\/www.caririemacao.com\/1\/wp-json\/wp\/v2\/tags?post=145080"}],"curies":[{"name":"wp","href":"https:\/\/api.w.org\/{rel}","templated":true}]}}