{"id":145086,"date":"2020-01-07T17:04:49","date_gmt":"2020-01-07T20:04:49","guid":{"rendered":"http:\/\/www.caririemacao.com\/1\/?p=145086"},"modified":"2020-01-07T17:04:49","modified_gmt":"2020-01-07T20:04:49","slug":"suspeito-de-matar-ex-mulher-na-regiao-do-cariri-ira-a-juri-popular","status":"publish","type":"post","link":"https:\/\/www.caririemacao.com\/1\/2020\/01\/07\/suspeito-de-matar-ex-mulher-na-regiao-do-cariri-ira-a-juri-popular\/","title":{"rendered":"Suspeito de matar ex-mulher na regi\u00e3o do Cariri ir\u00e1 a j\u00fari popular"},"content":{"rendered":"\n<p>A C\u00e2mara Criminal do Tribunal de Justi\u00e7a da Para\u00edba negou provimento ao recurso de Elinando Gabriel Silva Ara\u00fajo, que foi pronunciado pela suposta pr\u00e1tica do crime previsto no artigo 121, \u00a7 2\u00b0, inciso IV, do C\u00f3digo Penal, a fim de submet\u00ea-lo a julgamento pelo Tribunal do J\u00fari da Comarca de Boqueir\u00e3o pela morte da sua ex-companheira, Marcela Ol\u00edvia Cavalcante de Freitas, fato ocorrido em junho de 2012. A decis\u00e3o seguiu o voto do desembargador Ricardo Vital de Almeida, relator do Recurso em Sentido Estrito n\u00ba 0000780-82.2019.815.0000.<\/p>\n\n\n\n<p>Consta na den\u00fancia que o acusado conviveu com a v\u00edtima por cerca de quatro anos, numa rela\u00e7\u00e3o caracterizada por v\u00e1rios desentendimentos. Na noite anterior ao fato, ambos se encontraram no Sitio Taboado quando houve discuss\u00e3o entre eles.<\/p>\n\n\n\n<p>No dia seguinte, logo pelas primeiras horas da manh\u00e3, eles se encontraram no im\u00f3vel em que haviam convivido, surgindo, assim, novo desentendimento, tendo o acusado disparado arma de fogo contra a v\u00edtima, levando-a a \u00f3bito.<\/p>\n\n\n\n<p>O acusado apresentou Recurso em Sentido Estrito, pugnando pela aplica\u00e7\u00e3o da excludente de ilicitude da leg\u00edtima defesa, e, sucessivamente, pela desclassifica\u00e7\u00e3o do crime de homic\u00eddio qualificado pelo de les\u00e3o corporal seguida de morte, ante a inexist\u00eancia do animus necandi (inten\u00e7\u00e3o de matar).<\/p>\n\n\n\n<p>No tocante a tese de leg\u00edtima defesa, o relator observou que a vers\u00e3o sustentada pelo acusado n\u00e3o se encontra demonstrada de forma inequ\u00edvoca, tendo em vista as provas testemunhais constantes do caderno processual. \u201cAssim, tenho que ao exame dos autos, a prova colacionada ao processo n\u00e3o autoriza de plano a aceita\u00e7\u00e3o da vers\u00e3o apresentada pelo recorrente, no sentido de que agiu em leg\u00edtima defesa\u201d, destacou.<\/p>\n\n\n\n<p>J\u00e1 quanto ao pedido de desclassifica\u00e7\u00e3o para o crime de les\u00e3o corporal seguida de morte, o desembargador Ricardo Vital afirmou n\u00e3o haver nos autos a comprova\u00e7\u00e3o clara da aus\u00eancia do animus necandi. \u201cPelo contr\u00e1rio, as circunst\u00e2ncias reveladas nos autos sugerem, em princ\u00edpio, e ao contr\u00e1rio do que alega o acusado, que este pode ter se imbu\u00eddo no prop\u00f3sito de matar, ou seja, as informa\u00e7\u00f5es apuradas n\u00e3o conduzem a um ju\u00edzo de certeza, neste momento\u201d, ressaltou.<\/p>\n\n\n\n<p><em>Ascom TJPB<\/em><\/p>\n","protected":false},"excerpt":{"rendered":"<p>A C\u00e2mara Criminal do Tribunal de Justi\u00e7a da Para\u00edba negou provimento ao recurso de Elinando Gabriel Silva Ara\u00fajo, que foi pronunciado pela suposta pr\u00e1tica do&hellip; <\/p>\n","protected":false},"author":1,"featured_media":29984,"comment_status":"closed","ping_status":"closed","sticky":false,"template":"","format":"standard","meta":{"sfsi_plus_gutenberg_text_before_share":"","sfsi_plus_gutenberg_show_text_before_share":"","sfsi_plus_gutenberg_icon_type":"","sfsi_plus_gutenberg_icon_alignemt":"","sfsi_plus_gutenburg_max_per_row":"","footnotes":""},"categories":[2],"tags":[],"class_list":["post-145086","post","type-post","status-publish","format-standard","has-post-thumbnail","hentry","category-geral"],"_links":{"self":[{"href":"https:\/\/www.caririemacao.com\/1\/wp-json\/wp\/v2\/posts\/145086","targetHints":{"allow":["GET"]}}],"collection":[{"href":"https:\/\/www.caririemacao.com\/1\/wp-json\/wp\/v2\/posts"}],"about":[{"href":"https:\/\/www.caririemacao.com\/1\/wp-json\/wp\/v2\/types\/post"}],"author":[{"embeddable":true,"href":"https:\/\/www.caririemacao.com\/1\/wp-json\/wp\/v2\/users\/1"}],"replies":[{"embeddable":true,"href":"https:\/\/www.caririemacao.com\/1\/wp-json\/wp\/v2\/comments?post=145086"}],"version-history":[{"count":1,"href":"https:\/\/www.caririemacao.com\/1\/wp-json\/wp\/v2\/posts\/145086\/revisions"}],"predecessor-version":[{"id":145088,"href":"https:\/\/www.caririemacao.com\/1\/wp-json\/wp\/v2\/posts\/145086\/revisions\/145088"}],"wp:featuredmedia":[{"embeddable":true,"href":"https:\/\/www.caririemacao.com\/1\/wp-json\/wp\/v2\/media\/29984"}],"wp:attachment":[{"href":"https:\/\/www.caririemacao.com\/1\/wp-json\/wp\/v2\/media?parent=145086"}],"wp:term":[{"taxonomy":"category","embeddable":true,"href":"https:\/\/www.caririemacao.com\/1\/wp-json\/wp\/v2\/categories?post=145086"},{"taxonomy":"post_tag","embeddable":true,"href":"https:\/\/www.caririemacao.com\/1\/wp-json\/wp\/v2\/tags?post=145086"}],"curies":[{"name":"wp","href":"https:\/\/api.w.org\/{rel}","templated":true}]}}