{"id":145094,"date":"2020-01-08T07:41:21","date_gmt":"2020-01-08T10:41:21","guid":{"rendered":"http:\/\/www.caririemacao.com\/1\/?p=145094"},"modified":"2020-01-08T07:41:39","modified_gmt":"2020-01-08T10:41:39","slug":"acidente-proximo-a-sao-joao-do-cariri-deixa-duas-mulheres-mortas-e-duas-criancas-em-estado-grave","status":"publish","type":"post","link":"https:\/\/www.caririemacao.com\/1\/2020\/01\/08\/acidente-proximo-a-sao-joao-do-cariri-deixa-duas-mulheres-mortas-e-duas-criancas-em-estado-grave\/","title":{"rendered":"Acidente pr\u00f3ximo \u00e0 S\u00e3o Jo\u00e3o do Cariri deixa duas mulheres mortas e duas crian\u00e7as em estado grave"},"content":{"rendered":"\n<p>Um grave acidente automobil\u00edstico ocasionou em uma verdadeira trag\u00e9dia na noite desta ter\u00e7a-feira(07) por volta das 19:30hs, na BR-412, deixando duas v\u00edtimas fatais no munic\u00edpio de S\u00e3o Jo\u00e3o do Cariri, interior da Para\u00edba.<\/p>\n\n\n\n<p>Segundo informa\u00e7\u00f5es, um ve\u00edculo Hilux de cor branca acabou colidindo fortemente com outro ve\u00edculo do tipo ca\u00e7amba, vindo a ocasionar o \u00f3bito de duas senhoras, ainda n\u00e3o identificadas. Outras duas crian\u00e7as ficaram gravemente feridas e foram socorridas pelo SAMU para o Hospital de Serra Branca.<\/p>\n\n\n\n<p>Ainda de acordo com as informa\u00e7\u00f5es preliminares, a fam\u00edlia que estava na Hilux \u00e9 pertencente a cidade de Sert\u00e2nia, no Pernambuco. Pessoas do munic\u00edpio pernambucano j\u00e1 est\u00e3o a caminho para confirmar a possibilidade.<\/p>\n\n\n\n<p>As crian\u00e7as socorridas parado Hospital de SB est\u00e3o em situa\u00e7\u00e3o muito grave. Uma come\u00e7a a reagir e deve ser transferida para Campina Grande. Outra est\u00e1 desacordada.<\/p>\n\n\n\n<p>A forte chuva ca\u00edda na regi\u00e3o do Cariri teria dificultado a visibilidade da motorista e provavelmente foi a causa do tr\u00e1fico acidente.<\/p>\n\n\n\n<p>Maiores informa\u00e7\u00f5es a qualquer momento.<\/p>\n\n\n\n<p><strong>De Olho no Cariri<\/strong><\/p>\n","protected":false},"excerpt":{"rendered":"<p>Um grave acidente automobil\u00edstico ocasionou em uma verdadeira trag\u00e9dia na noite desta ter\u00e7a-feira(07) por volta das 19:30hs, na BR-412, deixando duas v\u00edtimas fatais no munic\u00edpio&hellip; <\/p>\n","protected":false},"author":1,"featured_media":145100,"comment_status":"closed","ping_status":"closed","sticky":false,"template":"","format":"standard","meta":{"sfsi_plus_gutenberg_text_before_share":"","sfsi_plus_gutenberg_show_text_before_share":"","sfsi_plus_gutenberg_icon_type":"","sfsi_plus_gutenberg_icon_alignemt":"","sfsi_plus_gutenburg_max_per_row":"","footnotes":""},"categories":[50,12],"tags":[],"class_list":["post-145094","post","type-post","status-publish","format-standard","has-post-thumbnail","hentry","category-destaque","category-policia"],"_links":{"self":[{"href":"https:\/\/www.caririemacao.com\/1\/wp-json\/wp\/v2\/posts\/145094","targetHints":{"allow":["GET"]}}],"collection":[{"href":"https:\/\/www.caririemacao.com\/1\/wp-json\/wp\/v2\/posts"}],"about":[{"href":"https:\/\/www.caririemacao.com\/1\/wp-json\/wp\/v2\/types\/post"}],"author":[{"embeddable":true,"href":"https:\/\/www.caririemacao.com\/1\/wp-json\/wp\/v2\/users\/1"}],"replies":[{"embeddable":true,"href":"https:\/\/www.caririemacao.com\/1\/wp-json\/wp\/v2\/comments?post=145094"}],"version-history":[{"count":1,"href":"https:\/\/www.caririemacao.com\/1\/wp-json\/wp\/v2\/posts\/145094\/revisions"}],"predecessor-version":[{"id":145096,"href":"https:\/\/www.caririemacao.com\/1\/wp-json\/wp\/v2\/posts\/145094\/revisions\/145096"}],"wp:featuredmedia":[{"embeddable":true,"href":"https:\/\/www.caririemacao.com\/1\/wp-json\/wp\/v2\/media\/145100"}],"wp:attachment":[{"href":"https:\/\/www.caririemacao.com\/1\/wp-json\/wp\/v2\/media?parent=145094"}],"wp:term":[{"taxonomy":"category","embeddable":true,"href":"https:\/\/www.caririemacao.com\/1\/wp-json\/wp\/v2\/categories?post=145094"},{"taxonomy":"post_tag","embeddable":true,"href":"https:\/\/www.caririemacao.com\/1\/wp-json\/wp\/v2\/tags?post=145094"}],"curies":[{"name":"wp","href":"https:\/\/api.w.org\/{rel}","templated":true}]}}