{"id":145104,"date":"2020-01-08T07:42:53","date_gmt":"2020-01-08T10:42:53","guid":{"rendered":"http:\/\/www.caririemacao.com\/1\/?p=145104"},"modified":"2020-01-08T07:42:26","modified_gmt":"2020-01-08T10:42:26","slug":"mae-filha-e-neta-morrem-na-br-412-em-sao-joao-do-cariri","status":"publish","type":"post","link":"https:\/\/www.caririemacao.com\/1\/2020\/01\/08\/mae-filha-e-neta-morrem-na-br-412-em-sao-joao-do-cariri\/","title":{"rendered":"M\u00e3e, filha e neta morrem na BR 412 em S\u00e3o Jo\u00e3o do Cariri"},"content":{"rendered":"\n<p>Infelizmente n\u00e3o resistiu aos ferimentos a crian\u00e7a de ano que tamb\u00e9m estava no acidente que vitimou Elza e Gaby, ou seja, m\u00e3e e filha e agora a neta.<\/p>\n\n\n\n<p>O beb\u00ea havia sido socorrido para o hospital de Serra Branca e estava sendo reanimado, mas seu estava era grave. Tratava-se um beb\u00ea do sexo feminino.<\/p>\n\n\n\n<p>A noite come\u00e7a com uma not\u00edcia angustiante sobre um acidente envolvendo sertanienses, que trafegava numa S-10 vindo de S\u00e3o Jo\u00e3o do Cariri e colidiram numa ca\u00e7amba. No momento chovia muito.<\/p>\n\n\n\n<p>Segundo informa\u00e7\u00f5es no carro S-10 havia cinco pessoas no carro, duas mulheres que vieram a \u00f3bito e um homem, esposo de Gaby que nada sofreu e que pediu socorro na pista. Havia ainda duas crian\u00e7as, uma de um ano, a que faleceu no hospital de Serra Branca e a outra de 7 anos foi transferida para a cidade de Campina Grande e seu estado \u00e9 est\u00e1vel.<\/p>\n\n\n\n<p>O carro vinha sendo guiado pelo esposo de Gaby e vinha no carro a m\u00e3e de Gaby, Elza e a pr\u00f3pria Gaby. As quais morreram devido a gravidade dos ferimentos. Gaby era empres\u00e1ria e propriet\u00e1ria da loja no centro de Sert\u00e2nia, a INOVELAR.<\/p>\n\n\n\n<p>Not\u00edcia triste e angustiante para todos os sertanienses e amigos das v\u00edtimas.<\/p>\n\n\n\n<p>Tribuna do Moxot\u00f3<\/p>\n","protected":false},"excerpt":{"rendered":"<p>Infelizmente n\u00e3o resistiu aos ferimentos a crian\u00e7a de ano que tamb\u00e9m estava no acidente que vitimou Elza e Gaby, ou seja, m\u00e3e e filha e&hellip; <\/p>\n","protected":false},"author":1,"featured_media":145106,"comment_status":"closed","ping_status":"closed","sticky":false,"template":"","format":"standard","meta":{"sfsi_plus_gutenberg_text_before_share":"","sfsi_plus_gutenberg_show_text_before_share":"","sfsi_plus_gutenberg_icon_type":"","sfsi_plus_gutenberg_icon_alignemt":"","sfsi_plus_gutenburg_max_per_row":"","footnotes":""},"categories":[50,12],"tags":[],"class_list":["post-145104","post","type-post","status-publish","format-standard","has-post-thumbnail","hentry","category-destaque","category-policia"],"_links":{"self":[{"href":"https:\/\/www.caririemacao.com\/1\/wp-json\/wp\/v2\/posts\/145104","targetHints":{"allow":["GET"]}}],"collection":[{"href":"https:\/\/www.caririemacao.com\/1\/wp-json\/wp\/v2\/posts"}],"about":[{"href":"https:\/\/www.caririemacao.com\/1\/wp-json\/wp\/v2\/types\/post"}],"author":[{"embeddable":true,"href":"https:\/\/www.caririemacao.com\/1\/wp-json\/wp\/v2\/users\/1"}],"replies":[{"embeddable":true,"href":"https:\/\/www.caririemacao.com\/1\/wp-json\/wp\/v2\/comments?post=145104"}],"version-history":[{"count":1,"href":"https:\/\/www.caririemacao.com\/1\/wp-json\/wp\/v2\/posts\/145104\/revisions"}],"predecessor-version":[{"id":145107,"href":"https:\/\/www.caririemacao.com\/1\/wp-json\/wp\/v2\/posts\/145104\/revisions\/145107"}],"wp:featuredmedia":[{"embeddable":true,"href":"https:\/\/www.caririemacao.com\/1\/wp-json\/wp\/v2\/media\/145106"}],"wp:attachment":[{"href":"https:\/\/www.caririemacao.com\/1\/wp-json\/wp\/v2\/media?parent=145104"}],"wp:term":[{"taxonomy":"category","embeddable":true,"href":"https:\/\/www.caririemacao.com\/1\/wp-json\/wp\/v2\/categories?post=145104"},{"taxonomy":"post_tag","embeddable":true,"href":"https:\/\/www.caririemacao.com\/1\/wp-json\/wp\/v2\/tags?post=145104"}],"curies":[{"name":"wp","href":"https:\/\/api.w.org\/{rel}","templated":true}]}}