{"id":145105,"date":"2020-01-07T22:39:17","date_gmt":"2020-01-08T01:39:17","guid":{"rendered":"http:\/\/www.caririemacao.com\/1\/?p=145105"},"modified":"2020-01-07T22:52:18","modified_gmt":"2020-01-08T01:52:18","slug":"morre-crianca-vitima-do-acidente-proximo-a-sao-joao-do-cariri","status":"publish","type":"post","link":"https:\/\/www.caririemacao.com\/1\/2020\/01\/07\/morre-crianca-vitima-do-acidente-proximo-a-sao-joao-do-cariri\/","title":{"rendered":"Morre crian\u00e7a, v\u00edtima do acidente pr\u00f3ximo a S\u00e3o Jo\u00e3o do Cariri"},"content":{"rendered":"\n<p> Infelizmente a crian\u00e7a de um ano que tamb\u00e9m estava no acidente pr\u00f3ximo a cidade de S\u00e3o Jo\u00e3o do Cariri n\u00e3o resistiu aos ferimentos e veio a \u00f3bito.<\/p>\n\n\n\n<p>A crian\u00e7a de um ano estava no ve\u00edculo envolvido no acidente que vitimou Elza e Gaby, ou seja, m\u00e3e e filha e agora a neta. A quarta pessoa envolvida no acidente \u00e9 outra crian\u00e7a e foi encaminhada em estado grave para o Hospital de Trauma de Campina Grande.<\/p>\n\n\n\n<p>As v\u00edtimas s\u00e3o da cidade de Sert\u00e2nia, na regi\u00e3o do Moxot\u00f3 Pernambucano.<\/p>\n","protected":false},"excerpt":{"rendered":"<p>Infelizmente a crian\u00e7a de um ano que tamb\u00e9m estava no acidente pr\u00f3ximo a cidade de S\u00e3o Jo\u00e3o do Cariri n\u00e3o resistiu aos ferimentos e veio&hellip; <\/p>\n","protected":false},"author":2,"featured_media":145112,"comment_status":"closed","ping_status":"closed","sticky":false,"template":"","format":"standard","meta":{"sfsi_plus_gutenberg_text_before_share":"","sfsi_plus_gutenberg_show_text_before_share":"","sfsi_plus_gutenberg_icon_type":"","sfsi_plus_gutenberg_icon_alignemt":"","sfsi_plus_gutenburg_max_per_row":"","footnotes":""},"categories":[50,12],"tags":[],"class_list":["post-145105","post","type-post","status-publish","format-standard","has-post-thumbnail","hentry","category-destaque","category-policia"],"_links":{"self":[{"href":"https:\/\/www.caririemacao.com\/1\/wp-json\/wp\/v2\/posts\/145105","targetHints":{"allow":["GET"]}}],"collection":[{"href":"https:\/\/www.caririemacao.com\/1\/wp-json\/wp\/v2\/posts"}],"about":[{"href":"https:\/\/www.caririemacao.com\/1\/wp-json\/wp\/v2\/types\/post"}],"author":[{"embeddable":true,"href":"https:\/\/www.caririemacao.com\/1\/wp-json\/wp\/v2\/users\/2"}],"replies":[{"embeddable":true,"href":"https:\/\/www.caririemacao.com\/1\/wp-json\/wp\/v2\/comments?post=145105"}],"version-history":[{"count":4,"href":"https:\/\/www.caririemacao.com\/1\/wp-json\/wp\/v2\/posts\/145105\/revisions"}],"predecessor-version":[{"id":145116,"href":"https:\/\/www.caririemacao.com\/1\/wp-json\/wp\/v2\/posts\/145105\/revisions\/145116"}],"wp:featuredmedia":[{"embeddable":true,"href":"https:\/\/www.caririemacao.com\/1\/wp-json\/wp\/v2\/media\/145112"}],"wp:attachment":[{"href":"https:\/\/www.caririemacao.com\/1\/wp-json\/wp\/v2\/media?parent=145105"}],"wp:term":[{"taxonomy":"category","embeddable":true,"href":"https:\/\/www.caririemacao.com\/1\/wp-json\/wp\/v2\/categories?post=145105"},{"taxonomy":"post_tag","embeddable":true,"href":"https:\/\/www.caririemacao.com\/1\/wp-json\/wp\/v2\/tags?post=145105"}],"curies":[{"name":"wp","href":"https:\/\/api.w.org\/{rel}","templated":true}]}}