{"id":145111,"date":"2020-01-08T07:45:15","date_gmt":"2020-01-08T10:45:15","guid":{"rendered":"http:\/\/www.caririemacao.com\/1\/?p=145111"},"modified":"2020-01-08T07:45:15","modified_gmt":"2020-01-08T10:45:15","slug":"confira-a-programacao-religiosa-da-festa-do-padroeiro-sao-sebastiao-2020-em-amparo","status":"publish","type":"post","link":"https:\/\/www.caririemacao.com\/1\/2020\/01\/08\/confira-a-programacao-religiosa-da-festa-do-padroeiro-sao-sebastiao-2020-em-amparo\/","title":{"rendered":"Confira a Programa\u00e7\u00e3o Religiosa da Festa do Padroeiro S\u00e3o Sebasti\u00e3o 2020 em Amparo"},"content":{"rendered":"\n<figure class=\"wp-block-image\"><a href=\"https:\/\/1.bp.blogspot.com\/-qjXPdkqqJC4\/XhR8f320WjI\/AAAAAAABHns\/vMC-rBEff8kSd0-8qn2WDX_Nyr7fMyVegCLcBGAsYHQ\/s1600\/FESTA%2BDE%2BS%25C3%2583O%2BSEBASTI%25C3%2583O.JPG\"><img decoding=\"async\" data-src=\"https:\/\/1.bp.blogspot.com\/-qjXPdkqqJC4\/XhR8f320WjI\/AAAAAAABHns\/vMC-rBEff8kSd0-8qn2WDX_Nyr7fMyVegCLcBGAsYHQ\/s640\/FESTA%2BDE%2BS%25C3%2583O%2BSEBASTI%25C3%2583O.JPG\" alt=\"\" src=\"data:image\/svg+xml;base64,PHN2ZyB3aWR0aD0iMSIgaGVpZ2h0PSIxIiB4bWxucz0iaHR0cDovL3d3dy53My5vcmcvMjAwMC9zdmciPjwvc3ZnPg==\" class=\"lazyload\" \/><\/a><\/figure>\n\n\n\n<p>A programa\u00e7\u00e3o religiosa da Festa do Padroeiro S\u00e3o Sebasti\u00e3o ter\u00e1 inicio no pr\u00f3ximo dia 11 de Janeiro, confira a programa\u00e7\u00e3o completa:<\/p>\n\n\n\n<p><strong>S\u00c1BADO \u2013 11 DE JANEIRO:NOITE DEDICADA AOS MOTORISTAS, MOTOCICLISTAS E COMUNIDADES RURAIS!<\/strong>18h00min \u2013 Carreata de abertura, saindo da Comunidade Salgadinho;19h00min \u2013 Missa presidida pelo P\u00e1roco Pe. Eude Ara\u00fajo.<br><\/p>\n\n\n\n<p><strong>DOMINGO \u2013 12 DE JANEIRO:NOITE DEDICADA \u00c0S FAM\u00cdLIAS!<\/strong>16h30min \u2013 Santo Ter\u00e7o;17h00min \u2013 Missa presidida pelo Pe. Eude Ara\u00fajo;18h30min \u2013 Jantar dan\u00e7ante das fam\u00edlias na Quadra do Col\u00e9gio Ildefonso A. da Silva.(As senhas do Jantar das Fam\u00edlias est\u00e3o a venda com os Casais do ECC e Animadores Pastorais).<br><\/p>\n\n\n\n<p><strong>SEGUNDA-FEIRA \u2013 13 DE JANEIRO:NOITE DEDICADA \u00c0S CRIAN\u00c7AS!<\/strong>09h00min \u2013 Momento de louvor e brincadeiras no Centro Comercial;18h30min \u2013 Santo Ter\u00e7o;19h00min \u2013 Missa e Consagra\u00e7\u00e3o das crian\u00e7as presidida pelo Pe. Dorivaldo de Gurj\u00e3o-PB<br><\/p>\n\n\n\n<p><strong>TER\u00c7A-FEIRA \u2013 14 DE JANEIRO:NOITE DEDICADA AOS JOVENS!<\/strong>18h30min \u2013 Santo Ter\u00e7o;19h00min \u2013 Missa presidida pelo Pe. Ant\u00f4nio Batista de Boqueir\u00e3o-PB.<br><\/p>\n\n\n\n<p><strong>QUARTA-FEIRA \u2013 15 DE JANEIRO:NOITE DEDICADA AOS VAQUEIROS, AGRICULTORES E TER\u00c7O DOS HOMENS!<\/strong>18h30min \u2013 Cavalgada saindo da Passagem do Rio (Sa\u00edda para Sum\u00e9)19h00m \u2013 Missa presidida pelo Pe. Nelson de Sum\u00e9-PB.Logo ap\u00f3s a missa, haver\u00e1 Quermesse com Leil\u00f5es.<br><\/p>\n\n\n\n<p><strong>QUINTA-FEIRA \u2013 16 DE JANEIRO:NOITE DEDICADA AOS DIZIMISTAS E BENFEITORES!<\/strong>18h30min \u2013 Santo Ter\u00e7o;19h00min \u2013 Missa presidida pelo P\u00e1roco Pe. Francisco Tomaz de Campina Grande-PB.<br><\/p>\n\n\n\n<p><strong>SEXTA-FEIRA \u2013 17 DE JANEIRO:NOITE DEDICADA AO PODER EXECUTIVO, LEGISLATIVO E COMERCIANTES!<\/strong>18h30min \u2013 Santo Ter\u00e7o;19h00min \u2013 Missa presidida pelo Pe. Jorge Dias de Itapetim-PE<br><\/p>\n\n\n\n<p><strong>S\u00c1BADO \u2013 18 DE JANEIRO:NOITE DEDICADA \u00c0S COMUNIDADES DE PRATA E OURO VELHO!<\/strong>18h30min \u2013 Santo Ter\u00e7o;19h00min \u2013 Missa presidida pelo Pe. Ednaldo de Camala\u00fa-PB.<br><\/p>\n\n\n\n<p><strong>DOMINGO \u2013 19 DE JANEIRO:DIA DEDICADO AOS DEVOTOS DE S\u00c3O SEBASTI\u00c3O!<\/strong>16h00min \u2013 Santo Ter\u00e7o;16h30min \u2013 Prociss\u00e3o saindo da Igreja e em seguida Missa Solene.<br>Ap\u00f3s a missa, haver\u00e1 Festival de Pr\u00eamios Beneficente. (Os bilhetes para o festival podem ser adquiridos com os Jovens da PASCOM, Catequistas de Crisma e com a Equipe de Finan\u00e7as \u2013 Aparecido, Marcos, Everaldo e Su\u00eania).<br>Para realizar doa\u00e7\u00f5es para o Andor, procurar Ianny, Eduardo ou Jamilly, j\u00e1 para ajudar nas quermesses, entregar aos respons\u00e1veis de cada noite.<\/p>\n\n\n\n<p><\/p>\n\n\n\n<p>AMPARO LIGADO <\/p>\n","protected":false},"excerpt":{"rendered":"<p>A programa\u00e7\u00e3o religiosa da Festa do Padroeiro S\u00e3o Sebasti\u00e3o ter\u00e1 inicio no pr\u00f3ximo dia 11 de Janeiro, confira a programa\u00e7\u00e3o completa: S\u00c1BADO \u2013 11 DE&hellip; <\/p>\n","protected":false},"author":1,"featured_media":145124,"comment_status":"closed","ping_status":"closed","sticky":false,"template":"","format":"standard","meta":{"sfsi_plus_gutenberg_text_before_share":"","sfsi_plus_gutenberg_show_text_before_share":"","sfsi_plus_gutenberg_icon_type":"","sfsi_plus_gutenberg_icon_alignemt":"","sfsi_plus_gutenburg_max_per_row":"","footnotes":""},"categories":[6],"tags":[],"class_list":["post-145111","post","type-post","status-publish","format-standard","has-post-thumbnail","hentry","category-cidades"],"_links":{"self":[{"href":"https:\/\/www.caririemacao.com\/1\/wp-json\/wp\/v2\/posts\/145111","targetHints":{"allow":["GET"]}}],"collection":[{"href":"https:\/\/www.caririemacao.com\/1\/wp-json\/wp\/v2\/posts"}],"about":[{"href":"https:\/\/www.caririemacao.com\/1\/wp-json\/wp\/v2\/types\/post"}],"author":[{"embeddable":true,"href":"https:\/\/www.caririemacao.com\/1\/wp-json\/wp\/v2\/users\/1"}],"replies":[{"embeddable":true,"href":"https:\/\/www.caririemacao.com\/1\/wp-json\/wp\/v2\/comments?post=145111"}],"version-history":[{"count":1,"href":"https:\/\/www.caririemacao.com\/1\/wp-json\/wp\/v2\/posts\/145111\/revisions"}],"predecessor-version":[{"id":145125,"href":"https:\/\/www.caririemacao.com\/1\/wp-json\/wp\/v2\/posts\/145111\/revisions\/145125"}],"wp:featuredmedia":[{"embeddable":true,"href":"https:\/\/www.caririemacao.com\/1\/wp-json\/wp\/v2\/media\/145124"}],"wp:attachment":[{"href":"https:\/\/www.caririemacao.com\/1\/wp-json\/wp\/v2\/media?parent=145111"}],"wp:term":[{"taxonomy":"category","embeddable":true,"href":"https:\/\/www.caririemacao.com\/1\/wp-json\/wp\/v2\/categories?post=145111"},{"taxonomy":"post_tag","embeddable":true,"href":"https:\/\/www.caririemacao.com\/1\/wp-json\/wp\/v2\/tags?post=145111"}],"curies":[{"name":"wp","href":"https:\/\/api.w.org\/{rel}","templated":true}]}}