{"id":145118,"date":"2020-01-07T23:07:37","date_gmt":"2020-01-08T02:07:37","guid":{"rendered":"http:\/\/www.caririemacao.com\/1\/?p=145118"},"modified":"2020-01-07T23:07:37","modified_gmt":"2020-01-08T02:07:37","slug":"urgente-bases-que-abrigam-tropas-dos-eua-sao-atacadas-no-iraque-ira-assume-responsabilidade","status":"publish","type":"post","link":"https:\/\/www.caririemacao.com\/1\/2020\/01\/07\/urgente-bases-que-abrigam-tropas-dos-eua-sao-atacadas-no-iraque-ira-assume-responsabilidade\/","title":{"rendered":"URGENTE: Bases que abrigam tropas dos EUA s\u00e3o atacadas no Iraque; Ir\u00e3 assume responsabilidade"},"content":{"rendered":"\n<p>uas bases no Iraque que abrigam for\u00e7as americanas e iraquianas foram atingidas por mais de uma d\u00fazia de m\u00edsseis nesta ter\u00e7a (7), informou o Pent\u00e1gono. A base a\u00e9rea de Ain Al-Asad, no oeste do pa\u00eds, \u00e9 uma delas, e a outra est\u00e1 em Erbil, na regi\u00e3o curda do Iraque. A rede de televis\u00e3o americana CNN informou que n\u00e3o h\u00e1 relato inicial de feridos ou mortos.<\/p>\n\n\n\n<p>A Guarda Revolucion\u00e1ria do Ir\u00e3 assumiu a responsabilidade pelos lan\u00e7amentos dos m\u00edsseis, mas inicialmente reconheceu ter atingido apenas a base de Al-Asad.<\/p>\n\n\n\n<p>Um porta-voz das for\u00e7as armadas da Noruega disse \u00e0 Associated Press que cerca de 70 soldados noruegueses estavam na base de Al-Asad, mas tamb\u00e9m n\u00e3o houve relatos de feridos.<\/p>\n\n\n\n<p>Uma rede estatal de TV iraniana informou que \u201cdezenas de m\u00edsseis\u201d foram lan\u00e7ados contra a base de Al-Asad. O Pent\u00e1gono confirmou os lan\u00e7amentos. Segundo a rede de televis\u00e3o \u00e1rabe \u201cAl Mayadeen\u201d, citada pela Reuters, h\u00e1 helic\u00f3pteros americanos na cena e um estado de \u201calerta total\u201d foi ativado.<\/p>\n\n\n\n<p>\u201cEst\u00e1 claro que esses m\u00edsseis foram lan\u00e7ados do Ir\u00e3\u201d, declarou o Pent\u00e1gono. \u201cEstamos trabalhando em avaliar os danos iniciais da batalha\u201d.<\/p>\n\n\n\n<p>O presidente americano, Donald Trump, est\u00e1 a par do ataque, segundo a AP. \u201cO presidente foi informado e est\u00e1 monitorando a situa\u00e7\u00e3o de perto e consultando sua equipe de seguran\u00e7a nacional\u201d, disse a Casa Branca em comunicado.<\/p>\n\n\n\n<p>De acordo com a rede de TV iraniana, o ataque \u00e9 parte da opera\u00e7\u00e3o de vingan\u00e7a de Teer\u00e3, chamada de \u201cM\u00e1rtir Soleimani\u201d, contra a morte do general Qassem Soleimani, morto na semana passada em um ataque a\u00e9reo americano no Iraque. O comandante era chefe da For\u00e7a Quds, unidade de elite da Guarda Revolucion\u00e1ria iraniana.<\/p>\n\n\n\n<p>\u201cEstamos alertando todos os aliados dos americanos, que deram suas bases ao seu ex\u00e9rcito terrorista, de que qualquer territ\u00f3rio que seja ponto de partida de atos agressivos contra o Ir\u00e3 ser\u00e1 alvo\u201d, declarou a Guarda Revolucion\u00e1ria do Ir\u00e3 por meio da Irna, a ag\u00eancia de not\u00edcias oficial iraniana. A guarda tamb\u00e9m amea\u00e7ou Israel.<\/p>\n\n\n\n<p>A base a\u00e9rea de Ain Al-Assad fica no oeste do Iraque, na prov\u00edncia de Anbar. Come\u00e7ou a ser usada pelas for\u00e7as americanas depois da invas\u00e3o do Iraque pelos EUA em 2003, que derrubou Saddam Hussein. As tropas americanas tamb\u00e9m ficaram l\u00e1 durante o combate contra o Estado Isl\u00e2mico. Cerca de 1,5 mil soldados est\u00e3o abrigados ali, segundo a AP.<\/p>\n","protected":false},"excerpt":{"rendered":"<p>uas bases no Iraque que abrigam for\u00e7as americanas e iraquianas foram atingidas por mais de uma d\u00fazia de m\u00edsseis nesta ter\u00e7a (7), informou o Pent\u00e1gono.&hellip; <\/p>\n","protected":false},"author":2,"featured_media":145119,"comment_status":"closed","ping_status":"closed","sticky":false,"template":"","format":"standard","meta":{"sfsi_plus_gutenberg_text_before_share":"","sfsi_plus_gutenberg_show_text_before_share":"","sfsi_plus_gutenberg_icon_type":"","sfsi_plus_gutenberg_icon_alignemt":"","sfsi_plus_gutenburg_max_per_row":"","footnotes":""},"categories":[50,2],"tags":[],"class_list":["post-145118","post","type-post","status-publish","format-standard","has-post-thumbnail","hentry","category-destaque","category-geral"],"_links":{"self":[{"href":"https:\/\/www.caririemacao.com\/1\/wp-json\/wp\/v2\/posts\/145118","targetHints":{"allow":["GET"]}}],"collection":[{"href":"https:\/\/www.caririemacao.com\/1\/wp-json\/wp\/v2\/posts"}],"about":[{"href":"https:\/\/www.caririemacao.com\/1\/wp-json\/wp\/v2\/types\/post"}],"author":[{"embeddable":true,"href":"https:\/\/www.caririemacao.com\/1\/wp-json\/wp\/v2\/users\/2"}],"replies":[{"embeddable":true,"href":"https:\/\/www.caririemacao.com\/1\/wp-json\/wp\/v2\/comments?post=145118"}],"version-history":[{"count":1,"href":"https:\/\/www.caririemacao.com\/1\/wp-json\/wp\/v2\/posts\/145118\/revisions"}],"predecessor-version":[{"id":145120,"href":"https:\/\/www.caririemacao.com\/1\/wp-json\/wp\/v2\/posts\/145118\/revisions\/145120"}],"wp:featuredmedia":[{"embeddable":true,"href":"https:\/\/www.caririemacao.com\/1\/wp-json\/wp\/v2\/media\/145119"}],"wp:attachment":[{"href":"https:\/\/www.caririemacao.com\/1\/wp-json\/wp\/v2\/media?parent=145118"}],"wp:term":[{"taxonomy":"category","embeddable":true,"href":"https:\/\/www.caririemacao.com\/1\/wp-json\/wp\/v2\/categories?post=145118"},{"taxonomy":"post_tag","embeddable":true,"href":"https:\/\/www.caririemacao.com\/1\/wp-json\/wp\/v2\/tags?post=145118"}],"curies":[{"name":"wp","href":"https:\/\/api.w.org\/{rel}","templated":true}]}}