{"id":145131,"date":"2020-01-08T07:55:07","date_gmt":"2020-01-08T10:55:07","guid":{"rendered":"http:\/\/www.caririemacao.com\/1\/?p=145131"},"modified":"2020-01-08T07:55:07","modified_gmt":"2020-01-08T10:55:07","slug":"operacao-calvario-mdb-teria-cobrado-r-8-milhoes-por-apoio-a-ricardo-em-2014","status":"publish","type":"post","link":"https:\/\/www.caririemacao.com\/1\/2020\/01\/08\/operacao-calvario-mdb-teria-cobrado-r-8-milhoes-por-apoio-a-ricardo-em-2014\/","title":{"rendered":"Opera\u00e7\u00e3o Calv\u00e1rio: MDB teria cobrado R$ 8 milh\u00f5es por apoio a Ricardo em 2014"},"content":{"rendered":"\n<p>Novo trecho da dela\u00e7\u00e3o da ex-secret\u00e1ria de Administra\u00e7\u00e3o do Estado, Liv\u00e2nia Farias, divulgado pela TV Cabo Branco, na noite desta ter\u00e7a-feira (7), revela que o MDB teria cobrado R$ 8 milh\u00f5es para apoiar a candidatura a reelei\u00e7\u00e3o do ent\u00e3o governador Ricardo Coutinho (PSB) em 2014.<\/p>\n\n\n\n<p>A proposta teria sido feita em uma reuni\u00e3o na resid\u00eancia oficial do governador (Granja Santana), durante uma madrugada.<\/p>\n\n\n\n<p>As negocia\u00e7\u00f5es, no entanto, n\u00e3o deram certo, porque o grupo do governador Ricardo Coutinho n\u00e3o tinha dispon\u00edvel naquele momento, o valor pedido pelo MDB. A legenda indicaria o hoje ministro do TCU, Vital do R\u00eago Filho (Vitalzinho), na \u00e9poca senador pelo MDB, como candidato a vice-governador.<\/p>\n\n\n\n<p>Segundo Liv\u00e2nia, a quantia seria dividida entre os deputados Tr\u00f3colli J\u00fanior (Podemos), Nabor Wanderlei (Republicanos), Hugo Motta (Republicanos) e Raniery Paulino (MDB); al\u00e9m do ex-deputado federal Manoel J\u00fanior (Solidariedade), todos do MDB a \u00e9poca.<\/p>\n\n\n\n<p>O prefeito de Jo\u00e3o Pessoa, Luciano Cartaxo (PV) e o irm\u00e3o Luc\u00e9lio Cartaxo, ambos do PT naquele ano, teriam participado do encontro.<\/p>\n\n\n\n<p>Todos negam a acusa\u00e7\u00e3o.<\/p>\n\n\n\n<p>Liv\u00e2nia diz que apenas Veneziano Vital do R\u00eago (PSB) e Vitalzinho n\u00e3o receberiam os recursos.<\/p>\n\n\n\n<p>\u201cEles s\u00f3 aceitavam se a gente fizesse um repasse para dividir. S\u00f3 n\u00e3o ia receber desse montante Vital, porque ia ser vice, e Veneziano\u201d, relata Liv\u00e2nia em seu depoimento.<\/p>\n\n\n\n<p>Em 2014, o MDB lan\u00e7ou Vitalzinho candidato a governador e depois de perder no primeiro turno, apoiou Ricardo Coutinho contra o tucano C\u00e1ssio Cunha Lima.<\/p>\n\n\n\n<p>Blog do Maur\u00edlio J\u00fanior<\/p>\n","protected":false},"excerpt":{"rendered":"<p>Novo trecho da dela\u00e7\u00e3o da ex-secret\u00e1ria de Administra\u00e7\u00e3o do Estado, Liv\u00e2nia Farias, divulgado pela TV Cabo Branco, na noite desta ter\u00e7a-feira (7), revela que o&hellip; <\/p>\n","protected":false},"author":1,"featured_media":145132,"comment_status":"closed","ping_status":"closed","sticky":false,"template":"","format":"standard","meta":{"sfsi_plus_gutenberg_text_before_share":"","sfsi_plus_gutenberg_show_text_before_share":"","sfsi_plus_gutenberg_icon_type":"","sfsi_plus_gutenberg_icon_alignemt":"","sfsi_plus_gutenburg_max_per_row":"","footnotes":""},"categories":[11],"tags":[],"class_list":["post-145131","post","type-post","status-publish","format-standard","has-post-thumbnail","hentry","category-politica"],"_links":{"self":[{"href":"https:\/\/www.caririemacao.com\/1\/wp-json\/wp\/v2\/posts\/145131","targetHints":{"allow":["GET"]}}],"collection":[{"href":"https:\/\/www.caririemacao.com\/1\/wp-json\/wp\/v2\/posts"}],"about":[{"href":"https:\/\/www.caririemacao.com\/1\/wp-json\/wp\/v2\/types\/post"}],"author":[{"embeddable":true,"href":"https:\/\/www.caririemacao.com\/1\/wp-json\/wp\/v2\/users\/1"}],"replies":[{"embeddable":true,"href":"https:\/\/www.caririemacao.com\/1\/wp-json\/wp\/v2\/comments?post=145131"}],"version-history":[{"count":1,"href":"https:\/\/www.caririemacao.com\/1\/wp-json\/wp\/v2\/posts\/145131\/revisions"}],"predecessor-version":[{"id":145133,"href":"https:\/\/www.caririemacao.com\/1\/wp-json\/wp\/v2\/posts\/145131\/revisions\/145133"}],"wp:featuredmedia":[{"embeddable":true,"href":"https:\/\/www.caririemacao.com\/1\/wp-json\/wp\/v2\/media\/145132"}],"wp:attachment":[{"href":"https:\/\/www.caririemacao.com\/1\/wp-json\/wp\/v2\/media?parent=145131"}],"wp:term":[{"taxonomy":"category","embeddable":true,"href":"https:\/\/www.caririemacao.com\/1\/wp-json\/wp\/v2\/categories?post=145131"},{"taxonomy":"post_tag","embeddable":true,"href":"https:\/\/www.caririemacao.com\/1\/wp-json\/wp\/v2\/tags?post=145131"}],"curies":[{"name":"wp","href":"https:\/\/api.w.org\/{rel}","templated":true}]}}