{"id":145136,"date":"2020-01-08T07:57:30","date_gmt":"2020-01-08T10:57:30","guid":{"rendered":"http:\/\/www.caririemacao.com\/1\/?p=145136"},"modified":"2020-01-08T07:57:30","modified_gmt":"2020-01-08T10:57:30","slug":"eventos-musicais-da-108-festa-do-padroeiro-de-sao-sebastiao-do-umbuzeiro-comecam-no-proximo-sabado-2","status":"publish","type":"post","link":"https:\/\/www.caririemacao.com\/1\/2020\/01\/08\/eventos-musicais-da-108-festa-do-padroeiro-de-sao-sebastiao-do-umbuzeiro-comecam-no-proximo-sabado-2\/","title":{"rendered":"Eventos musicais da 108\u00b0 Festa do Padroeiro de S\u00e3o Sebasti\u00e3o do Umbuzeiro come\u00e7am no pr\u00f3ximo s\u00e1bado"},"content":{"rendered":"\n<p>Come\u00e7a no pr\u00f3ximo s\u00e1bado, dia 11, a Tradicional parte das festas em pra\u00e7a p\u00fablica&nbsp; do Padroeiro S\u00e3o Sebasti\u00e3o, em S\u00e3o Sebasti\u00e3o do Umbuzeiro, no Cariri.<br>&nbsp;O evento chega a sua 108\u00b0 edi\u00e7\u00e3o em 2020 e vai at\u00e9 o dia 20 de janeiro, sendo essa a Maior Festa de Padroeiro do Brasil.<br>O Prefeito Adriano Wolff destacou que a Festa de S\u00e3o Sebasti\u00e3o \u00e9 uma das maiores do Pa\u00eds, e promove anualmente um encontro entre fam\u00edlias e amigos, al\u00e9m de atrair turistas de toda Para\u00edba, e estados vizinhos, gerando assim, emprego e renda para os mun\u00edcipes de S\u00e3o Sebasti\u00e3o do Umbuzeiro.<br>\u201cA popula\u00e7\u00e3o aguarda com muita ansiedade para o in\u00edcio da festa, e S\u00e3o Sebasti\u00e3o do Umbuzeiro est\u00e1 de bra\u00e7os abertos para receber todos os turistas que participam anualmente da maior festa de padroeiro do Brasil\u201d, disse o Prefeito.<br>Uma das novidades da Festa de Janeiro 2020 \u00e9 a noite religiosa, organizada pela Par\u00f3quia e Comiss\u00e3o Organizadora, que acontecer\u00e1 no dia 13, dentro da programa\u00e7\u00e3o. A noite do dia 19, organizada pela Prefeitura Municipal e dedicada ao funcionalismo p\u00fablico \u00e9 uma das mais esperadas, e esse ano contar\u00e1 com shows de Cavaleiros do Forr\u00f3 e Chicabana.<br>A Festa tem a realiza\u00e7\u00e3o da Par\u00f3quia de S\u00e3o Sebasti\u00e3o, Comiss\u00e3o Organizadora da Festa, Noiteiros e da Prefeitura Municipal de S\u00e3o Sebasti\u00e3o do Umbuzeiro.<br>CONFIRA A PROGRAMA\u00c7\u00c3O:<br>Dia 11.<br>\u2013 Laerte Lins<br>Dia 12.<br>\u2013 Harry Estigado \u2013 Henrique Cai\u00e7ara<br>Dia 13.<br>\u2013 Noite Religiosa com Minist\u00e9rio Fiat, Minist\u00e9rio Vozes da Miss\u00e3o e Duda &amp; Kinha<br>Dia 14.<br>\u2013 Daysinha ex saia rodada \u2013 Banda Som&nbsp;<a href=\"http:\/\/livre.com\/\">Livre.Com<\/a><br>Dia 15.<br>\u2013 Farra da Galega \u2013 Santinho Braz &amp; Os 3 Do Forr\u00f3<br>Dia 16.<br>\u2013 Henrique Cai\u00e7ara \u2013 Lulinha Vaqueiro.<br>Dia 17.<br>\u2013 Claudenir Fernandes &amp; Eduarda Brasil.<br>Dia 18.<br>\u2013 Encontro de Sanfoneiro \u2013 Ot\u00e1vio Do Acordeon &amp; Trio Surreal.<br>Dia 19.<br>\u2013 Ot\u00e1vio do Acordeon \u2013 Cavaleiros do Forr\u00f3 e Kiko Chicabana. Nos intervalos, Banda Dimeliora.<br>Dia 20.<br>\u2013 Padre Jo\u00e3o Carlos<\/p>\n","protected":false},"excerpt":{"rendered":"<p>Come\u00e7a no pr\u00f3ximo s\u00e1bado, dia 11, a Tradicional parte das festas em pra\u00e7a p\u00fablica&nbsp; do Padroeiro S\u00e3o Sebasti\u00e3o, em S\u00e3o Sebasti\u00e3o do Umbuzeiro, no Cariri.&nbsp;O&hellip; <\/p>\n","protected":false},"author":1,"featured_media":145138,"comment_status":"closed","ping_status":"closed","sticky":false,"template":"","format":"standard","meta":{"sfsi_plus_gutenberg_text_before_share":"","sfsi_plus_gutenberg_show_text_before_share":"","sfsi_plus_gutenberg_icon_type":"","sfsi_plus_gutenberg_icon_alignemt":"","sfsi_plus_gutenburg_max_per_row":"","footnotes":""},"categories":[6],"tags":[],"class_list":["post-145136","post","type-post","status-publish","format-standard","has-post-thumbnail","hentry","category-cidades"],"_links":{"self":[{"href":"https:\/\/www.caririemacao.com\/1\/wp-json\/wp\/v2\/posts\/145136","targetHints":{"allow":["GET"]}}],"collection":[{"href":"https:\/\/www.caririemacao.com\/1\/wp-json\/wp\/v2\/posts"}],"about":[{"href":"https:\/\/www.caririemacao.com\/1\/wp-json\/wp\/v2\/types\/post"}],"author":[{"embeddable":true,"href":"https:\/\/www.caririemacao.com\/1\/wp-json\/wp\/v2\/users\/1"}],"replies":[{"embeddable":true,"href":"https:\/\/www.caririemacao.com\/1\/wp-json\/wp\/v2\/comments?post=145136"}],"version-history":[{"count":1,"href":"https:\/\/www.caririemacao.com\/1\/wp-json\/wp\/v2\/posts\/145136\/revisions"}],"predecessor-version":[{"id":145139,"href":"https:\/\/www.caririemacao.com\/1\/wp-json\/wp\/v2\/posts\/145136\/revisions\/145139"}],"wp:featuredmedia":[{"embeddable":true,"href":"https:\/\/www.caririemacao.com\/1\/wp-json\/wp\/v2\/media\/145138"}],"wp:attachment":[{"href":"https:\/\/www.caririemacao.com\/1\/wp-json\/wp\/v2\/media?parent=145136"}],"wp:term":[{"taxonomy":"category","embeddable":true,"href":"https:\/\/www.caririemacao.com\/1\/wp-json\/wp\/v2\/categories?post=145136"},{"taxonomy":"post_tag","embeddable":true,"href":"https:\/\/www.caririemacao.com\/1\/wp-json\/wp\/v2\/tags?post=145136"}],"curies":[{"name":"wp","href":"https:\/\/api.w.org\/{rel}","templated":true}]}}