{"id":145144,"date":"2020-01-08T08:01:19","date_gmt":"2020-01-08T11:01:19","guid":{"rendered":"http:\/\/www.caririemacao.com\/1\/?p=145144"},"modified":"2020-01-08T08:01:19","modified_gmt":"2020-01-08T11:01:19","slug":"tse-faz-sessao-extra-nesta-quarta-para-analisar-licitacao-de-urnas-eletronicas","status":"publish","type":"post","link":"https:\/\/www.caririemacao.com\/1\/2020\/01\/08\/tse-faz-sessao-extra-nesta-quarta-para-analisar-licitacao-de-urnas-eletronicas\/","title":{"rendered":"TSE faz sess\u00e3o extra nesta quarta para analisar licita\u00e7\u00e3o de urnas eletr\u00f4nicas"},"content":{"rendered":"\n<figure class=\"wp-block-image\"><a href=\"http:\/\/noticiasemdestaque.com\/cd\/wp-content\/uploads\/2018\/08\/urna-eletronica-mao.png\"><img decoding=\"async\" data-src=\"http:\/\/noticiasemdestaque.com\/cd\/wp-content\/uploads\/2018\/08\/urna-eletronica-mao-1024x576.png\" alt=\"\" class=\"wp-image-12159 lazyload\" src=\"data:image\/svg+xml;base64,PHN2ZyB3aWR0aD0iMSIgaGVpZ2h0PSIxIiB4bWxucz0iaHR0cDovL3d3dy53My5vcmcvMjAwMC9zdmciPjwvc3ZnPg==\" style=\"--smush-placeholder-width: 1024px; --smush-placeholder-aspect-ratio: 1024\/576;\" \/><\/a><\/figure>\n\n\n\n<p>O Tribunal Superior Eleitoral (TSE) far\u00e1 uma sess\u00e3o extra em meio ao recesso do Judici\u00e1rio, nesta quarta-feira (7), para julgar um recurso ligado \u00e0 licita\u00e7\u00e3o de novas urnas eletr\u00f4nicas. <\/p>\n\n\n\n<p>Os equipamentos j\u00e1 devem ser usados nas pr\u00f3ximas elei\u00e7\u00f5es municipais, em outubro.A sess\u00e3o foi convocada pela presidente do tribunal, ministra Rosa Weber. <\/p>\n\n\n\n<p>Em 30 de dezembro, a ministra negou liminar (decis\u00e3o tempor\u00e1ria) a uma das empresas envolvidas e decidiu levar o caso ao plen\u00e1rio da corte.O edital da licita\u00e7\u00e3o foi publicado em julho do ano passado e, segundo o TSE, deve resultar na compra de aproximadamente 100 mil urnas \u0096 o documento prev\u00ea um m\u00e1ximo de 180 mil dispositivos. Al\u00e9m desses equipamentos, cerca de 470 mil urnas j\u00e1 est\u00e3o dispon\u00edveis para as elei\u00e7\u00f5es 2020.<\/p>\n\n\n\n<p>O recurso foi apresentado pela Smartmatic, que entrou na licita\u00e7\u00e3o como integrante do cons\u00f3rcio SMTT, junto com a empresa Diebold. <\/p>\n\n\n\n<p>A empresa diz que foi retirada da licita\u00e7\u00e3o gra\u00e7as a irregularidades apontadas pela outra concorrente, a Positivo, que foi desclassificada por problemas na bateria das urnas.<\/p>\n\n\n\n<p>Com a invalida\u00e7\u00e3o das duas propostas, ainda em dezembro, a ministra Rosa Weber determinou a apresenta\u00e7\u00e3o de novas candidaturas ou documenta\u00e7\u00e3o adicional pelas concorrentes, considerando o \u201cinteresse p\u00fablico\u201d da contrata\u00e7\u00e3o.O cons\u00f3rcio nega os problemas apontados pela concorrente, e pede que a licita\u00e7\u00e3o seja suspensa at\u00e9 o esclarecimento das alega\u00e7\u00f5es. Pede, tamb\u00e9m, que a desclassifica\u00e7\u00e3o da proposta seja revertida.<\/p>\n\n\n\n<p>Segundo a Positivo, o prot\u00f3tipo da SMTT n\u00e3o tinha as chamadas \u201cm\u00eddias de aplica\u00e7\u00e3o e de resultados\u201d \u0096 pendrives com softwares e informa\u00e7\u00f5es que permitem a opera\u00e7\u00e3o das urnas.Em decis\u00e3o individual, Rosa Weber afirmou que, de forma \u0093a prevenir maior entrave ao cronograma j\u00e1 ex\u00edguo\u0094, n\u00e3o concederia o recurso contra a desclassifica\u00e7\u00e3o. <\/p>\n\n\n\n<p>Agora, o plen\u00e1rio se reunir\u00e1 para decidir o futuro da licita\u00e7\u00e3o e da proposta da SMTT.As novas urnas devem substituir os modelos 2006 e 2008, que somam 83 mil equipamentos e j\u00e1 ultrapassaram o tempo previsto de uso de dez anos. Outro motivo da compra \u00e9 o aumento do eleitorado para as pr\u00f3ximas elei\u00e7\u00f5es \u0096 o que deve acrescentar cerca de 20 mil se\u00e7\u00f5es eleitorais ao pleito.<\/p>\n\n\n\n<p>O edital prev\u00ea a compra de at\u00e9 180 mil m\u00e1quinas. O certame \u00e9 estimado em R$ 696,5 milh\u00f5es, mas o TSE pode desembolsar menos dinheiro.Segundo o TSE, a urna eletr\u00f4nica modelo 2020 ter\u00e1 um novo design para permitir que o eleitor tenha funcionalidades de ergonomia. A tela e o teclado ser\u00e3o \u201cintegrados\u201d em uma \u00fanica vis\u00e3o, o que deve agilizar a vota\u00e7\u00e3o.<\/p>\n\n\n\n<p><\/p>\n\n\n\n<p><em>Informa\u00e7\u00f5es G1<\/em><\/p>\n","protected":false},"excerpt":{"rendered":"<p>O Tribunal Superior Eleitoral (TSE) far\u00e1 uma sess\u00e3o extra em meio ao recesso do Judici\u00e1rio, nesta quarta-feira (7), para julgar um recurso ligado \u00e0 licita\u00e7\u00e3o&hellip; <\/p>\n","protected":false},"author":1,"featured_media":921,"comment_status":"closed","ping_status":"closed","sticky":false,"template":"","format":"standard","meta":{"sfsi_plus_gutenberg_text_before_share":"","sfsi_plus_gutenberg_show_text_before_share":"","sfsi_plus_gutenberg_icon_type":"","sfsi_plus_gutenberg_icon_alignemt":"","sfsi_plus_gutenburg_max_per_row":"","footnotes":""},"categories":[11],"tags":[],"class_list":["post-145144","post","type-post","status-publish","format-standard","has-post-thumbnail","hentry","category-politica"],"_links":{"self":[{"href":"https:\/\/www.caririemacao.com\/1\/wp-json\/wp\/v2\/posts\/145144","targetHints":{"allow":["GET"]}}],"collection":[{"href":"https:\/\/www.caririemacao.com\/1\/wp-json\/wp\/v2\/posts"}],"about":[{"href":"https:\/\/www.caririemacao.com\/1\/wp-json\/wp\/v2\/types\/post"}],"author":[{"embeddable":true,"href":"https:\/\/www.caririemacao.com\/1\/wp-json\/wp\/v2\/users\/1"}],"replies":[{"embeddable":true,"href":"https:\/\/www.caririemacao.com\/1\/wp-json\/wp\/v2\/comments?post=145144"}],"version-history":[{"count":1,"href":"https:\/\/www.caririemacao.com\/1\/wp-json\/wp\/v2\/posts\/145144\/revisions"}],"predecessor-version":[{"id":145145,"href":"https:\/\/www.caririemacao.com\/1\/wp-json\/wp\/v2\/posts\/145144\/revisions\/145145"}],"wp:featuredmedia":[{"embeddable":true,"href":"https:\/\/www.caririemacao.com\/1\/wp-json\/wp\/v2\/media\/921"}],"wp:attachment":[{"href":"https:\/\/www.caririemacao.com\/1\/wp-json\/wp\/v2\/media?parent=145144"}],"wp:term":[{"taxonomy":"category","embeddable":true,"href":"https:\/\/www.caririemacao.com\/1\/wp-json\/wp\/v2\/categories?post=145144"},{"taxonomy":"post_tag","embeddable":true,"href":"https:\/\/www.caririemacao.com\/1\/wp-json\/wp\/v2\/tags?post=145144"}],"curies":[{"name":"wp","href":"https:\/\/api.w.org\/{rel}","templated":true}]}}