{"id":145149,"date":"2020-01-08T08:03:06","date_gmt":"2020-01-08T11:03:06","guid":{"rendered":"http:\/\/www.caririemacao.com\/1\/?p=145149"},"modified":"2020-01-08T08:03:06","modified_gmt":"2020-01-08T11:03:06","slug":"divulgado-o-calendario-de-cadastramento-do-programa-de-corte-de-terras-em-sao-jose-dos-cordeiros","status":"publish","type":"post","link":"https:\/\/www.caririemacao.com\/1\/2020\/01\/08\/divulgado-o-calendario-de-cadastramento-do-programa-de-corte-de-terras-em-sao-jose-dos-cordeiros\/","title":{"rendered":"Divulgado o calend\u00e1rio de cadastramento do Programa de Corte de Terras em S\u00e3o Jos\u00e9 dos Cordeiros"},"content":{"rendered":"\n<p>A Prefeitura de S\u00e3o Jos\u00e9 dos Cordeiros atrav\u00e9s da Secretaria de Agricultura, divulgou o calend\u00e1rio de cadastramento do Programa de Corte de Terras em S\u00e3o Jos\u00e9 dos Cordeiros<\/p>\n\n\n\n<p>As Inscri\u00e7\u00f5es dever\u00e3o ser feitas na Zona Rural, em quaisquer um dos locais indicados abaixo, os agricultores dever\u00e3o levar consigo o CPF e IDENTIDADE.<\/p>\n\n\n\n<p>Ser\u00e1 disponibilizado 2 horas por propriedade, de forma Gratuita.<\/p>\n\n\n\n<p>De acordo com o secret\u00e1rio de agricultura do munic\u00edpio,&nbsp;<a href=\"https:\/\/www.facebook.com\/dayvison.romeryto?__tn__=%2CdC-R-R&amp;eid=ARCw7ZETT63ToQp5U-yA7DPtq6C8wmpuvxiaa5TJz8Fij_tmqch4yER67CKn27qWEbx7fTJe7gS-Z0RE&amp;hc_ref=ARTnisy8cxgv5Ltd9KhE5_RneFPBSB80dn9eJ6BD5R1qM2eM2T4y-RIOmnGK43Im0Uo&amp;fref=nf\">Dayvison Romeryto<\/a>,&nbsp;este \u00e9 um compromisso da Prefeitura Municipal de S\u00e3o Jos\u00e9 dos Cordeiros, de sempre apoiar o homem do campo do munic\u00edpio.<\/p>\n\n\n\n<div class=\"wp-block-image\"><figure class=\"aligncenter\"><a href=\"http:\/\/noticiasemdestaque.com\/cd\/wp-content\/uploads\/2020\/01\/82306917_2641202205955420_3684758709319237632_n.jpg\"><img decoding=\"async\" data-src=\"http:\/\/noticiasemdestaque.com\/cd\/wp-content\/uploads\/2020\/01\/82306917_2641202205955420_3684758709319237632_n.jpg\" alt=\"\" class=\"wp-image-21745 lazyload\" src=\"data:image\/svg+xml;base64,PHN2ZyB3aWR0aD0iMSIgaGVpZ2h0PSIxIiB4bWxucz0iaHR0cDovL3d3dy53My5vcmcvMjAwMC9zdmciPjwvc3ZnPg==\" \/><\/a><\/figure><\/div>\n\n\n\n<p><em><strong>Not\u00edcias em Destaque<\/strong><\/em><\/p>\n","protected":false},"excerpt":{"rendered":"<p>A Prefeitura de S\u00e3o Jos\u00e9 dos Cordeiros atrav\u00e9s da Secretaria de Agricultura, divulgou o calend\u00e1rio de cadastramento do Programa de Corte de Terras em S\u00e3o&hellip; <\/p>\n","protected":false},"author":1,"featured_media":145150,"comment_status":"closed","ping_status":"closed","sticky":false,"template":"","format":"standard","meta":{"sfsi_plus_gutenberg_text_before_share":"","sfsi_plus_gutenberg_show_text_before_share":"","sfsi_plus_gutenberg_icon_type":"","sfsi_plus_gutenberg_icon_alignemt":"","sfsi_plus_gutenburg_max_per_row":"","footnotes":""},"categories":[6],"tags":[],"class_list":["post-145149","post","type-post","status-publish","format-standard","has-post-thumbnail","hentry","category-cidades"],"_links":{"self":[{"href":"https:\/\/www.caririemacao.com\/1\/wp-json\/wp\/v2\/posts\/145149","targetHints":{"allow":["GET"]}}],"collection":[{"href":"https:\/\/www.caririemacao.com\/1\/wp-json\/wp\/v2\/posts"}],"about":[{"href":"https:\/\/www.caririemacao.com\/1\/wp-json\/wp\/v2\/types\/post"}],"author":[{"embeddable":true,"href":"https:\/\/www.caririemacao.com\/1\/wp-json\/wp\/v2\/users\/1"}],"replies":[{"embeddable":true,"href":"https:\/\/www.caririemacao.com\/1\/wp-json\/wp\/v2\/comments?post=145149"}],"version-history":[{"count":1,"href":"https:\/\/www.caririemacao.com\/1\/wp-json\/wp\/v2\/posts\/145149\/revisions"}],"predecessor-version":[{"id":145151,"href":"https:\/\/www.caririemacao.com\/1\/wp-json\/wp\/v2\/posts\/145149\/revisions\/145151"}],"wp:featuredmedia":[{"embeddable":true,"href":"https:\/\/www.caririemacao.com\/1\/wp-json\/wp\/v2\/media\/145150"}],"wp:attachment":[{"href":"https:\/\/www.caririemacao.com\/1\/wp-json\/wp\/v2\/media?parent=145149"}],"wp:term":[{"taxonomy":"category","embeddable":true,"href":"https:\/\/www.caririemacao.com\/1\/wp-json\/wp\/v2\/categories?post=145149"},{"taxonomy":"post_tag","embeddable":true,"href":"https:\/\/www.caririemacao.com\/1\/wp-json\/wp\/v2\/tags?post=145149"}],"curies":[{"name":"wp","href":"https:\/\/api.w.org\/{rel}","templated":true}]}}