{"id":145155,"date":"2020-01-08T08:09:25","date_gmt":"2020-01-08T11:09:25","guid":{"rendered":"http:\/\/www.caririemacao.com\/1\/?p=145155"},"modified":"2020-01-08T08:09:25","modified_gmt":"2020-01-08T11:09:25","slug":"azevedo-cobra-a-liberacao-de-recursos-do-governo-bolsonaro-para-obras-novas-na-paraiba","status":"publish","type":"post","link":"https:\/\/www.caririemacao.com\/1\/2020\/01\/08\/azevedo-cobra-a-liberacao-de-recursos-do-governo-bolsonaro-para-obras-novas-na-paraiba\/","title":{"rendered":"Azev\u00eado cobra a libera\u00e7\u00e3o de recursos do Governo Bolsonaro para obras novas na Para\u00edba"},"content":{"rendered":"\n<p>O governador Jo\u00e3o Azev\u00eado (sem partido) anunciou na \u00faltima segunda-feira (6) o investimento de R$ 1,8 bilh\u00e3o em a\u00e7\u00f5es e obras pelo Governo da Para\u00edba, em 2020. No entanto, a ampla maioria desse aporte financeiro s\u00e3o do or\u00e7amento pr\u00f3prio do Estado, com parte dos recursos oriundos da Uni\u00e3o, mas por meio de emendas parlamentares ou de bancada. A informa\u00e7\u00e3o foi confirmada pelo chefe do Executivo estadual nesta ter\u00e7a-feira (7).<\/p>\n\n\n\n<p>\u201cN\u00f3s esperamos que o or\u00e7amento da Uni\u00e3o possa come\u00e7ar a contemplar novos projetos, considerando que s\u00f3 pelas emendas dos deputados n\u00e3o estamos conseguindo recursos para obras novas\u201d, disse Jo\u00e3o Azev\u00eado.<\/p>\n\n\n\n<p>O governador ainda citou como exemplo a constru\u00e7\u00e3o do futuro Centro de Conven\u00e7\u00f5es de Campina Grande, que custar\u00e1 em torno de R$ 153 milh\u00f5es em recursos da Uni\u00e3o, mas provenientes de emendas parlamentares ou de bancada no Congresso Nacional.<\/p>\n\n\n\n<p>\u201cO Centro de Conven\u00e7\u00f5es \u00e9 um exemplo, conseguimos viabilizar cerca de R$ 153 milh\u00f5es do or\u00e7amento da Uni\u00e3o, mas vindo de emendas, R$ 10 milh\u00f5es do senador Veneziano, R$ 10 milh\u00f5es do deputado Dami\u00e3o [Feliciano, R$ 3 milh\u00f5es de Efraim Morais, R$ 9 milh\u00f5es do deputado Aguinaldo [Ribeiro], at\u00e9 a senadora C\u00e1tia Abreu, relatora do segmento colocou mais R$ 16 milh\u00f5es, ou seja, isso \u00e9 que faz com que a gente consiga desenvolver algumas obras\u201d, frisou.<\/p>\n","protected":false},"excerpt":{"rendered":"<p>O governador Jo\u00e3o Azev\u00eado (sem partido) anunciou na \u00faltima segunda-feira (6) o investimento de R$ 1,8 bilh\u00e3o em a\u00e7\u00f5es e obras pelo Governo da Para\u00edba,&hellip; <\/p>\n","protected":false},"author":1,"featured_media":145157,"comment_status":"closed","ping_status":"closed","sticky":false,"template":"","format":"standard","meta":{"sfsi_plus_gutenberg_text_before_share":"","sfsi_plus_gutenberg_show_text_before_share":"","sfsi_plus_gutenberg_icon_type":"","sfsi_plus_gutenberg_icon_alignemt":"","sfsi_plus_gutenburg_max_per_row":"","footnotes":""},"categories":[11],"tags":[],"class_list":["post-145155","post","type-post","status-publish","format-standard","has-post-thumbnail","hentry","category-politica"],"_links":{"self":[{"href":"https:\/\/www.caririemacao.com\/1\/wp-json\/wp\/v2\/posts\/145155","targetHints":{"allow":["GET"]}}],"collection":[{"href":"https:\/\/www.caririemacao.com\/1\/wp-json\/wp\/v2\/posts"}],"about":[{"href":"https:\/\/www.caririemacao.com\/1\/wp-json\/wp\/v2\/types\/post"}],"author":[{"embeddable":true,"href":"https:\/\/www.caririemacao.com\/1\/wp-json\/wp\/v2\/users\/1"}],"replies":[{"embeddable":true,"href":"https:\/\/www.caririemacao.com\/1\/wp-json\/wp\/v2\/comments?post=145155"}],"version-history":[{"count":1,"href":"https:\/\/www.caririemacao.com\/1\/wp-json\/wp\/v2\/posts\/145155\/revisions"}],"predecessor-version":[{"id":145158,"href":"https:\/\/www.caririemacao.com\/1\/wp-json\/wp\/v2\/posts\/145155\/revisions\/145158"}],"wp:featuredmedia":[{"embeddable":true,"href":"https:\/\/www.caririemacao.com\/1\/wp-json\/wp\/v2\/media\/145157"}],"wp:attachment":[{"href":"https:\/\/www.caririemacao.com\/1\/wp-json\/wp\/v2\/media?parent=145155"}],"wp:term":[{"taxonomy":"category","embeddable":true,"href":"https:\/\/www.caririemacao.com\/1\/wp-json\/wp\/v2\/categories?post=145155"},{"taxonomy":"post_tag","embeddable":true,"href":"https:\/\/www.caririemacao.com\/1\/wp-json\/wp\/v2\/tags?post=145155"}],"curies":[{"name":"wp","href":"https:\/\/api.w.org\/{rel}","templated":true}]}}