{"id":145164,"date":"2020-01-08T08:12:36","date_gmt":"2020-01-08T11:12:36","guid":{"rendered":"http:\/\/www.caririemacao.com\/1\/?p=145164"},"modified":"2020-01-08T08:12:36","modified_gmt":"2020-01-08T11:12:36","slug":"duas-mulheres-sao-assassinadas-a-tiros-em-praca","status":"publish","type":"post","link":"https:\/\/www.caririemacao.com\/1\/2020\/01\/08\/duas-mulheres-sao-assassinadas-a-tiros-em-praca\/","title":{"rendered":"Duas mulheres s\u00e3o assassinadas a tiros em Pra\u00e7a"},"content":{"rendered":"\n<p>Duas mulheres foram assassinadas na noite dessa ter\u00e7a-feira (7) no munic\u00edpio de Catol\u00e9 do Rocha, Sert\u00e3o paraibano. As v\u00edtimas estavam em uma lanchonete, localizada em uma pra\u00e7a da cidade, quando foram mortas.<\/p>\n\n\n\n<p>Conforme testemunhas, os respons\u00e1veis pelo crime seriam dois homens que chegaram ao local em uma moto e efetuaram disparos de arma de fogo contra as mulheres.<\/p>\n\n\n\n<p>Maria Clara Rodrigues, de 18 anos, e Adriana da Silva Gomes morreram na hora. Um homem foi baleado e socorrido para o hospital.<\/p>\n\n\n\n<p>A pol\u00edcia descartou a possibilidade dos assassinatos estarem relacionados ao tr\u00e1fico de drogas ou briga familiar, mas por enquanto nenhum suspeito do crime foi preso.<\/p>\n\n\n\n<p>Com Mais PB<\/p>\n","protected":false},"excerpt":{"rendered":"<p>Duas mulheres foram assassinadas na noite dessa ter\u00e7a-feira (7) no munic\u00edpio de Catol\u00e9 do Rocha, Sert\u00e3o paraibano. As v\u00edtimas estavam em uma lanchonete, localizada em&hellip; <\/p>\n","protected":false},"author":1,"featured_media":85856,"comment_status":"closed","ping_status":"closed","sticky":false,"template":"","format":"standard","meta":{"sfsi_plus_gutenberg_text_before_share":"","sfsi_plus_gutenberg_show_text_before_share":"","sfsi_plus_gutenberg_icon_type":"","sfsi_plus_gutenberg_icon_alignemt":"","sfsi_plus_gutenburg_max_per_row":"","footnotes":""},"categories":[12],"tags":[],"class_list":["post-145164","post","type-post","status-publish","format-standard","has-post-thumbnail","hentry","category-policia"],"_links":{"self":[{"href":"https:\/\/www.caririemacao.com\/1\/wp-json\/wp\/v2\/posts\/145164","targetHints":{"allow":["GET"]}}],"collection":[{"href":"https:\/\/www.caririemacao.com\/1\/wp-json\/wp\/v2\/posts"}],"about":[{"href":"https:\/\/www.caririemacao.com\/1\/wp-json\/wp\/v2\/types\/post"}],"author":[{"embeddable":true,"href":"https:\/\/www.caririemacao.com\/1\/wp-json\/wp\/v2\/users\/1"}],"replies":[{"embeddable":true,"href":"https:\/\/www.caririemacao.com\/1\/wp-json\/wp\/v2\/comments?post=145164"}],"version-history":[{"count":1,"href":"https:\/\/www.caririemacao.com\/1\/wp-json\/wp\/v2\/posts\/145164\/revisions"}],"predecessor-version":[{"id":145165,"href":"https:\/\/www.caririemacao.com\/1\/wp-json\/wp\/v2\/posts\/145164\/revisions\/145165"}],"wp:featuredmedia":[{"embeddable":true,"href":"https:\/\/www.caririemacao.com\/1\/wp-json\/wp\/v2\/media\/85856"}],"wp:attachment":[{"href":"https:\/\/www.caririemacao.com\/1\/wp-json\/wp\/v2\/media?parent=145164"}],"wp:term":[{"taxonomy":"category","embeddable":true,"href":"https:\/\/www.caririemacao.com\/1\/wp-json\/wp\/v2\/categories?post=145164"},{"taxonomy":"post_tag","embeddable":true,"href":"https:\/\/www.caririemacao.com\/1\/wp-json\/wp\/v2\/tags?post=145164"}],"curies":[{"name":"wp","href":"https:\/\/api.w.org\/{rel}","templated":true}]}}