{"id":145173,"date":"2020-01-08T08:16:20","date_gmt":"2020-01-08T11:16:20","guid":{"rendered":"http:\/\/www.caririemacao.com\/1\/?p=145173"},"modified":"2020-01-08T08:16:20","modified_gmt":"2020-01-08T11:16:20","slug":"piloto-do-enem-digital-pode-ter-100-mil-participantes-diz-ministro","status":"publish","type":"post","link":"https:\/\/www.caririemacao.com\/1\/2020\/01\/08\/piloto-do-enem-digital-pode-ter-100-mil-participantes-diz-ministro\/","title":{"rendered":"Piloto do Enem Digital pode ter 100 mil participantes, diz ministro"},"content":{"rendered":"\n<p>O ministro da Educa\u00e7\u00e3o, Abraham Weintraub, disse ter a expectativa de que chegue a 100 mil o n\u00famero de vagas destinadas ao projeto piloto do&nbsp;<a href=\"http:\/\/agenciabrasil.ebc.com.br\/tags\/enem-digital\">Enem Digital<\/a>&nbsp;\u2013 plataforma por meio da qual o Exame Nacional do Ensino M\u00e9dio ser\u00e1 feito via internet. Inicialmente, a expectativa era de que o&nbsp;<a href=\"http:\/\/agenciabrasil.ebc.com.br\/educacao\/noticia\/2019-07\/especialistas-apontam-desafios-para-realizacao-do-enem-digital\">piloto do programa abrangesse 50 mil vagas<\/a>.<\/p>\n\n\n\n<p>\u201cO Enem Digital vai entrar em vigor este ano em 15 capitais como projeto piloto volunt\u00e1rio, para alguma coisa entre 50 e 100 mil vagas. E depois, no futuro, espalh\u00e1-lo pelo Brasil todo\u201d, disse hoje Weintraub, ao participar do Revista Brasil, programa da&nbsp;R\u00e1dio Nacional de Bras\u00edlia&nbsp;ancorado pelo jornalista Valter Lima, veiculado pela&nbsp;Empresa Brasil de Comunica\u00e7\u00e3o&nbsp;(EBC). Cerca de 3,9 milh\u00f5es de candidatos participaram da edi\u00e7\u00e3o 2019 do exame.<\/p>\n\n\n\n<p>Para o governo, o Enem Digital vai permitir a utiliza\u00e7\u00e3o de novos tipos de quest\u00f5es com v\u00eddeos, infogr\u00e1ficos e at\u00e9 a l\u00f3gica dos&nbsp;games. A sequ\u00eancia do programa, no entanto, depende da estrutura\u00e7\u00e3o das escolas p\u00fablicas brasileiras, em especial de seus laborat\u00f3rios de inform\u00e1tica.<\/p>\n\n\n\n<p>Com EBC<\/p>\n","protected":false},"excerpt":{"rendered":"<p>O ministro da Educa\u00e7\u00e3o, Abraham Weintraub, disse ter a expectativa de que chegue a 100 mil o n\u00famero de vagas destinadas ao projeto piloto do&nbsp;Enem&hellip; <\/p>\n","protected":false},"author":1,"featured_media":13230,"comment_status":"closed","ping_status":"closed","sticky":false,"template":"","format":"standard","meta":{"sfsi_plus_gutenberg_text_before_share":"","sfsi_plus_gutenberg_show_text_before_share":"","sfsi_plus_gutenberg_icon_type":"","sfsi_plus_gutenberg_icon_alignemt":"","sfsi_plus_gutenburg_max_per_row":"","footnotes":""},"categories":[50,14],"tags":[],"class_list":["post-145173","post","type-post","status-publish","format-standard","has-post-thumbnail","hentry","category-destaque","category-educacao"],"_links":{"self":[{"href":"https:\/\/www.caririemacao.com\/1\/wp-json\/wp\/v2\/posts\/145173","targetHints":{"allow":["GET"]}}],"collection":[{"href":"https:\/\/www.caririemacao.com\/1\/wp-json\/wp\/v2\/posts"}],"about":[{"href":"https:\/\/www.caririemacao.com\/1\/wp-json\/wp\/v2\/types\/post"}],"author":[{"embeddable":true,"href":"https:\/\/www.caririemacao.com\/1\/wp-json\/wp\/v2\/users\/1"}],"replies":[{"embeddable":true,"href":"https:\/\/www.caririemacao.com\/1\/wp-json\/wp\/v2\/comments?post=145173"}],"version-history":[{"count":1,"href":"https:\/\/www.caririemacao.com\/1\/wp-json\/wp\/v2\/posts\/145173\/revisions"}],"predecessor-version":[{"id":145174,"href":"https:\/\/www.caririemacao.com\/1\/wp-json\/wp\/v2\/posts\/145173\/revisions\/145174"}],"wp:featuredmedia":[{"embeddable":true,"href":"https:\/\/www.caririemacao.com\/1\/wp-json\/wp\/v2\/media\/13230"}],"wp:attachment":[{"href":"https:\/\/www.caririemacao.com\/1\/wp-json\/wp\/v2\/media?parent=145173"}],"wp:term":[{"taxonomy":"category","embeddable":true,"href":"https:\/\/www.caririemacao.com\/1\/wp-json\/wp\/v2\/categories?post=145173"},{"taxonomy":"post_tag","embeddable":true,"href":"https:\/\/www.caririemacao.com\/1\/wp-json\/wp\/v2\/tags?post=145173"}],"curies":[{"name":"wp","href":"https:\/\/api.w.org\/{rel}","templated":true}]}}