{"id":145176,"date":"2020-01-08T08:21:00","date_gmt":"2020-01-08T11:21:00","guid":{"rendered":"http:\/\/www.caririemacao.com\/1\/?p=145176"},"modified":"2020-01-08T08:21:00","modified_gmt":"2020-01-08T11:21:00","slug":"conselheiros-tutelares-tomam-posse-na-proxima-sexta-feira-em-sume","status":"publish","type":"post","link":"https:\/\/www.caririemacao.com\/1\/2020\/01\/08\/conselheiros-tutelares-tomam-posse-na-proxima-sexta-feira-em-sume\/","title":{"rendered":"Conselheiros Tutelares tomam posse na pr\u00f3xima sexta-feira em Sum\u00e9"},"content":{"rendered":"\n<p>Acontece na pr\u00f3xima sexta-feira (10), a posse dos conselheiros tutelares eleitos nas elei\u00e7\u00f5es de outubro de 2019.<\/p>\n\n\n\n<p>A solenidade ser\u00e1 realizada a partir das 9h na C\u00e2mara de Vereadores de Sum\u00e9.<\/p>\n\n\n\n<p>Confira a rela\u00e7\u00e3o dos conselheiros eleitos e os suplentes.<\/p>\n\n\n\n<table class=\"wp-block-table\"><tbody><tr><td>Coloca\u00e7\u00e3o<\/td><td>Candidato<\/td><td>Votos<\/td><td>Titular\/Suplente<\/td><\/tr><tr><td>1\u00ba Lugar<\/td><td>Jos\u00e9 Erinldo (Lunga)<\/td><td>747<\/td><td>Titular<\/td><\/tr><tr><td>2\u00ba Lugar<\/td><td>Josimar Guabiraba (Pot\u00f3)<\/td><td>647<\/td><td>Titular<\/td><\/tr><tr><td>3\u00ba Lugar<\/td><td>Viviane Cristina<\/td><td>552<\/td><td>Titular<\/td><\/tr><tr><td>4\u00ba Lugar<\/td><td>Geraldo Clementino<\/td><td>537<\/td><td>Titular<\/td><\/tr><tr><td>5\u00ba Lugar<\/td><td>Dery Batista<\/td><td>469<\/td><td>Titular<\/td><\/tr><tr><td>6\u00ba Lugar<\/td><td>D\u00e9bora Lafaerte<\/td><td>455<\/td><td>Suplente<\/td><\/tr><tr><td>7\u00ba Lugar<\/td><td>Lucineide Lira<\/td><td>369<\/td><td>Suplente<\/td><\/tr><tr><td>8\u00ba Lugar<\/td><td>Lucineia Alves<\/td><td>344<\/td><td>Suplente<\/td><\/tr><tr><td>9\u00ba Lugar<\/td><td>Iris Carneiro<\/td><td>330<\/td><td>Suplente<\/td><\/tr><tr><td>10\u00ba Lugar<\/td><td>Ver\u00f4nica Barros<\/td><td>320<\/td><td>Suplente<\/td><\/tr><\/tbody><\/table>\n\n\n\n<p><em><strong>Not\u00edcias em Destaque<\/strong><\/em><\/p>\n","protected":false},"excerpt":{"rendered":"<p>Acontece na pr\u00f3xima sexta-feira (10), a posse dos conselheiros tutelares eleitos nas elei\u00e7\u00f5es de outubro de 2019. A solenidade ser\u00e1 realizada a partir das 9h&hellip; <\/p>\n","protected":false},"author":1,"featured_media":1124,"comment_status":"closed","ping_status":"closed","sticky":false,"template":"","format":"standard","meta":{"sfsi_plus_gutenberg_text_before_share":"","sfsi_plus_gutenberg_show_text_before_share":"","sfsi_plus_gutenberg_icon_type":"","sfsi_plus_gutenberg_icon_alignemt":"","sfsi_plus_gutenburg_max_per_row":"","footnotes":""},"categories":[2],"tags":[],"class_list":["post-145176","post","type-post","status-publish","format-standard","has-post-thumbnail","hentry","category-geral"],"_links":{"self":[{"href":"https:\/\/www.caririemacao.com\/1\/wp-json\/wp\/v2\/posts\/145176","targetHints":{"allow":["GET"]}}],"collection":[{"href":"https:\/\/www.caririemacao.com\/1\/wp-json\/wp\/v2\/posts"}],"about":[{"href":"https:\/\/www.caririemacao.com\/1\/wp-json\/wp\/v2\/types\/post"}],"author":[{"embeddable":true,"href":"https:\/\/www.caririemacao.com\/1\/wp-json\/wp\/v2\/users\/1"}],"replies":[{"embeddable":true,"href":"https:\/\/www.caririemacao.com\/1\/wp-json\/wp\/v2\/comments?post=145176"}],"version-history":[{"count":1,"href":"https:\/\/www.caririemacao.com\/1\/wp-json\/wp\/v2\/posts\/145176\/revisions"}],"predecessor-version":[{"id":145177,"href":"https:\/\/www.caririemacao.com\/1\/wp-json\/wp\/v2\/posts\/145176\/revisions\/145177"}],"wp:featuredmedia":[{"embeddable":true,"href":"https:\/\/www.caririemacao.com\/1\/wp-json\/wp\/v2\/media\/1124"}],"wp:attachment":[{"href":"https:\/\/www.caririemacao.com\/1\/wp-json\/wp\/v2\/media?parent=145176"}],"wp:term":[{"taxonomy":"category","embeddable":true,"href":"https:\/\/www.caririemacao.com\/1\/wp-json\/wp\/v2\/categories?post=145176"},{"taxonomy":"post_tag","embeddable":true,"href":"https:\/\/www.caririemacao.com\/1\/wp-json\/wp\/v2\/tags?post=145176"}],"curies":[{"name":"wp","href":"https:\/\/api.w.org\/{rel}","templated":true}]}}