{"id":145182,"date":"2020-01-08T08:23:03","date_gmt":"2020-01-08T11:23:03","guid":{"rendered":"http:\/\/www.caririemacao.com\/1\/?p=145182"},"modified":"2020-01-08T08:23:03","modified_gmt":"2020-01-08T11:23:03","slug":"apos-chuvas-caidas-na-regiao-do-cariri-rio-taperoa-apresenta-a-primeira-enchente-de-2020","status":"publish","type":"post","link":"https:\/\/www.caririemacao.com\/1\/2020\/01\/08\/apos-chuvas-caidas-na-regiao-do-cariri-rio-taperoa-apresenta-a-primeira-enchente-de-2020\/","title":{"rendered":"Ap\u00f3s chuvas ca\u00eddas na regi\u00e3o do Cariri, Rio Tapero\u00e1 apresenta a primeira enchente de 2020"},"content":{"rendered":"\n<p>As fortes chuvas ca\u00eddas nesta ter\u00e7a-feira(07) em algumas cidades da regi\u00e3o do Cariri provocaram a primeira enchente do Rio Tapero\u00e1 no ano de 2020.<\/p>\n\n\n\n<p>O Rio Tapero\u00e1 transcorreu \u00e1gua em seu leito, descendo a nascente at\u00e9 em S\u00e3o Jo\u00e3o do Cariri, a popula\u00e7\u00e3o registrou a chegada das \u00e1guas no rio da cidade. As \u00e1guas do Rio Tapero\u00e1 segue at\u00e9 o a\u00e7ude Epit\u00e1cio Pessoa em Boqueir\u00e3o.<\/p>\n\n\n\n<p>Ap\u00f3s uma noite chuvosa na regi\u00e3o do Cariri, a popula\u00e7\u00e3o da regi\u00e3o ficou otimista com a expectativa de um ano chuvoso e de um bom inverno.&nbsp; Em v\u00eddeos que circulam pelas redes sociais, a popula\u00e7\u00e3o celebra. \u201cprimeiras \u00e1guas de 2020. Esse ano vai ser bom hein, se Deus Quiser!\u201d, disse um internauta que gravou e compartilhou um registro do rio.<\/p>\n\n\n\n<figure><iframe data-src=\"https:\/\/www.facebook.com\/plugins\/video.php?href=https%3A%2F%2Fwww.facebook.com%2Fdeolho.nocariri%2Fvideos%2F2369563256482380%2F&amp;show_text=0&amp;width=261\" width=\"261\" height=\"476\" allowfullscreen=\"allowfullscreen\" src=\"data:image\/svg+xml;base64,PHN2ZyB3aWR0aD0iMSIgaGVpZ2h0PSIxIiB4bWxucz0iaHR0cDovL3d3dy53My5vcmcvMjAwMC9zdmciPjwvc3ZnPg==\" class=\"lazyload\" data-load-mode=\"1\"><\/iframe><\/figure>\n\n\n\n<p><strong>De Olho no Cariri<\/strong><\/p>\n","protected":false},"excerpt":{"rendered":"<p>As fortes chuvas ca\u00eddas nesta ter\u00e7a-feira(07) em algumas cidades da regi\u00e3o do Cariri provocaram a primeira enchente do Rio Tapero\u00e1 no ano de 2020. O&hellip; <\/p>\n","protected":false},"author":1,"featured_media":145183,"comment_status":"closed","ping_status":"closed","sticky":false,"template":"","format":"standard","meta":{"sfsi_plus_gutenberg_text_before_share":"","sfsi_plus_gutenberg_show_text_before_share":"","sfsi_plus_gutenberg_icon_type":"","sfsi_plus_gutenberg_icon_alignemt":"","sfsi_plus_gutenburg_max_per_row":"","footnotes":""},"categories":[2],"tags":[],"class_list":["post-145182","post","type-post","status-publish","format-standard","has-post-thumbnail","hentry","category-geral"],"_links":{"self":[{"href":"https:\/\/www.caririemacao.com\/1\/wp-json\/wp\/v2\/posts\/145182","targetHints":{"allow":["GET"]}}],"collection":[{"href":"https:\/\/www.caririemacao.com\/1\/wp-json\/wp\/v2\/posts"}],"about":[{"href":"https:\/\/www.caririemacao.com\/1\/wp-json\/wp\/v2\/types\/post"}],"author":[{"embeddable":true,"href":"https:\/\/www.caririemacao.com\/1\/wp-json\/wp\/v2\/users\/1"}],"replies":[{"embeddable":true,"href":"https:\/\/www.caririemacao.com\/1\/wp-json\/wp\/v2\/comments?post=145182"}],"version-history":[{"count":1,"href":"https:\/\/www.caririemacao.com\/1\/wp-json\/wp\/v2\/posts\/145182\/revisions"}],"predecessor-version":[{"id":145184,"href":"https:\/\/www.caririemacao.com\/1\/wp-json\/wp\/v2\/posts\/145182\/revisions\/145184"}],"wp:featuredmedia":[{"embeddable":true,"href":"https:\/\/www.caririemacao.com\/1\/wp-json\/wp\/v2\/media\/145183"}],"wp:attachment":[{"href":"https:\/\/www.caririemacao.com\/1\/wp-json\/wp\/v2\/media?parent=145182"}],"wp:term":[{"taxonomy":"category","embeddable":true,"href":"https:\/\/www.caririemacao.com\/1\/wp-json\/wp\/v2\/categories?post=145182"},{"taxonomy":"post_tag","embeddable":true,"href":"https:\/\/www.caririemacao.com\/1\/wp-json\/wp\/v2\/tags?post=145182"}],"curies":[{"name":"wp","href":"https:\/\/api.w.org\/{rel}","templated":true}]}}