{"id":145190,"date":"2020-01-08T08:39:00","date_gmt":"2020-01-08T11:39:00","guid":{"rendered":"http:\/\/www.caririemacao.com\/1\/?p=145190"},"modified":"2020-01-08T08:39:00","modified_gmt":"2020-01-08T11:39:00","slug":"programas-de-incetivo-ao-esporte-na-pb-ganham-nova-roupagem","status":"publish","type":"post","link":"https:\/\/www.caririemacao.com\/1\/2020\/01\/08\/programas-de-incetivo-ao-esporte-na-pb-ganham-nova-roupagem\/","title":{"rendered":"Programas de incetivo ao esporte na PB ganham nova \u2018roupagem\u2019"},"content":{"rendered":"\n<p>O secret\u00e1rio Herv\u00e1zio Bezerra, titular da Secretaria de Estado da Juventude Esporte e Lazer (Sejel), enfatizou a atitude do governador Jo\u00e3o Azevedo em destinar recursos para o esporte paraibano com o programa Incentiva Esporte. O an\u00fancio do novo projeto que beneficiar\u00e1 tanto o esporte amador como o futebol profissional, ser\u00e1 lan\u00e7ado na segunda-feira (13), \u00e0s 10h00, na Vila Ol\u00edmpica Parahyba.<\/p>\n\n\n\n<p>\u201cDurante a presta\u00e7\u00e3o de contas do seu primeiro ano mandato, realizada no Teatro Paulo Pontes, o governador Jo\u00e3o anunciou publicamente o quanto o esporte sera beneficiado, pois o Incentiva Esporte vai encabe\u00e7ar os investimentos atrav\u00e9s do Para\u00edba Esporte Total e Bolsa Esporte. Tudo vai funcionar com muito crit\u00e9rio e transpar\u00eancia no intuito de ver o esporte e o para-desporto crescendo cada vez mais no nosso estado\u201d, disse Herv\u00e1zio.<\/p>\n\n\n\n<p>\u201cN\u00e3o prospera a afirma\u00e7\u00e3o de que os programas ir\u00e3o acabar. Muito pelo contr\u00e1rio, pois eles ganham uma nova cara com uma roupagem mais moderna, diferentemente do que est\u00e3o dizendo por a\u00ed, o que n\u00e3o \u00e9 verdade, j\u00e1 que o Bolsa Esporte ter\u00e1 uma comiss\u00e3o para analizar cada inscri\u00e7\u00e3o de forma criteriosa e com bastante lisura para julgar os processos, antes de serem deferidos\u201d, concluiu.<\/p>\n\n\n\n<p><strong>MaisPB<\/strong><\/p>\n","protected":false},"excerpt":{"rendered":"<p>O secret\u00e1rio Herv\u00e1zio Bezerra, titular da Secretaria de Estado da Juventude Esporte e Lazer (Sejel), enfatizou a atitude do governador Jo\u00e3o Azevedo em destinar recursos&hellip; <\/p>\n","protected":false},"author":1,"featured_media":103446,"comment_status":"closed","ping_status":"closed","sticky":false,"template":"","format":"standard","meta":{"sfsi_plus_gutenberg_text_before_share":"","sfsi_plus_gutenberg_show_text_before_share":"","sfsi_plus_gutenberg_icon_type":"","sfsi_plus_gutenberg_icon_alignemt":"","sfsi_plus_gutenburg_max_per_row":"","footnotes":""},"categories":[13],"tags":[],"class_list":["post-145190","post","type-post","status-publish","format-standard","has-post-thumbnail","hentry","category-esportes"],"_links":{"self":[{"href":"https:\/\/www.caririemacao.com\/1\/wp-json\/wp\/v2\/posts\/145190","targetHints":{"allow":["GET"]}}],"collection":[{"href":"https:\/\/www.caririemacao.com\/1\/wp-json\/wp\/v2\/posts"}],"about":[{"href":"https:\/\/www.caririemacao.com\/1\/wp-json\/wp\/v2\/types\/post"}],"author":[{"embeddable":true,"href":"https:\/\/www.caririemacao.com\/1\/wp-json\/wp\/v2\/users\/1"}],"replies":[{"embeddable":true,"href":"https:\/\/www.caririemacao.com\/1\/wp-json\/wp\/v2\/comments?post=145190"}],"version-history":[{"count":1,"href":"https:\/\/www.caririemacao.com\/1\/wp-json\/wp\/v2\/posts\/145190\/revisions"}],"predecessor-version":[{"id":145191,"href":"https:\/\/www.caririemacao.com\/1\/wp-json\/wp\/v2\/posts\/145190\/revisions\/145191"}],"wp:featuredmedia":[{"embeddable":true,"href":"https:\/\/www.caririemacao.com\/1\/wp-json\/wp\/v2\/media\/103446"}],"wp:attachment":[{"href":"https:\/\/www.caririemacao.com\/1\/wp-json\/wp\/v2\/media?parent=145190"}],"wp:term":[{"taxonomy":"category","embeddable":true,"href":"https:\/\/www.caririemacao.com\/1\/wp-json\/wp\/v2\/categories?post=145190"},{"taxonomy":"post_tag","embeddable":true,"href":"https:\/\/www.caririemacao.com\/1\/wp-json\/wp\/v2\/tags?post=145190"}],"curies":[{"name":"wp","href":"https:\/\/api.w.org\/{rel}","templated":true}]}}