{"id":145194,"date":"2020-01-08T08:40:15","date_gmt":"2020-01-08T11:40:15","guid":{"rendered":"http:\/\/www.caririemacao.com\/1\/?p=145194"},"modified":"2020-01-08T08:40:15","modified_gmt":"2020-01-08T11:40:15","slug":"empresas-tem-ate-dia-31-para-aderir-ao-simples","status":"publish","type":"post","link":"https:\/\/www.caririemacao.com\/1\/2020\/01\/08\/empresas-tem-ate-dia-31-para-aderir-ao-simples\/","title":{"rendered":"Empresas t\u00eam at\u00e9 dia 31 para aderir ao Simples"},"content":{"rendered":"\n<p>Micro e pequenas empresas paraibanas tem at\u00e9 o dia 31 de janeiro para aderirem ao Simples Nacional da Secretaria de Estado da Fazenda (Sefaz). A solicita\u00e7\u00e3o deve ser feita no&nbsp;<a href=\"http:\/\/www8.receita.fazenda.gov.br\/SimplesNacional\/\">Portal do Simples Nacional<\/a>.<\/p>\n\n\n\n<p>Conforme a Sefaz, no site do Simples, \u00e9 preciso clicar em \u2018Simples Nacional \u2013 Servi\u00e7os\u2019 e \u2018Solicita\u00e7\u00e3o de Op\u00e7\u00e3o pelo Simples Nacional\u2019.<\/p>\n\n\n\n<p>\u00c9 preciso ainda fazer uma consulta pr\u00e9via por meio do portal da Sefaz, ou nas reparti\u00e7\u00f5es fiscais do Estado para saber se h\u00e1 alguma pend\u00eancia na inscri\u00e7\u00e3o estadual, para que n\u00e3o haja nenhum indeferimento. Isso porque, a partir de 1\u00ba de fevereiro de 2020, as empresas n\u00e3o poder\u00e3o reverter o indeferimento de op\u00e7\u00e3o.<\/p>\n\n\n\n<p>Caso a op\u00e7\u00e3o por uma modalidade tribut\u00e1ria n\u00e3o seja feita dentro do prazo, o contribuinte ser\u00e1 enquadrado no regime fiscal adotado no ano anterior.<\/p>\n\n\n\n<p>As empresas com inscri\u00e7\u00e3o estadual na Para\u00edba podem fazer consultas na p\u00e1gina da SEFAZ\/PB para realizar consulta e tomar ci\u00eancia se existe alguma pend\u00eancia impeditiva tamb\u00e9m&nbsp;<a href=\"https:\/\/www.sefaz.pb.gov.br\/servirtual\/simples-nacional\/consultar-regularidade\">no site<\/a>.<\/p>\n\n\n\n<p>As empresas que foram exclu\u00eddas do Simples Nacional, devido \u00e0s pend\u00eancias n\u00e3o regularizadas no exerc\u00edcio de 2019, poder\u00e3o voltar ao regime desde que fa\u00e7am a regulariza\u00e7\u00e3o em uma reparti\u00e7\u00e3o fiscal mais pr\u00f3xima de seu domic\u00edlio e fa\u00e7a a op\u00e7\u00e3o no portal do Simples Nacional at\u00e9 o dia 31 de janeiro.<\/p>\n\n\n\n<p><strong>MaisPB<\/strong><\/p>\n","protected":false},"excerpt":{"rendered":"<p>Micro e pequenas empresas paraibanas tem at\u00e9 o dia 31 de janeiro para aderirem ao Simples Nacional da Secretaria de Estado da Fazenda (Sefaz). A&hellip; <\/p>\n","protected":false},"author":1,"featured_media":65263,"comment_status":"closed","ping_status":"closed","sticky":false,"template":"","format":"standard","meta":{"sfsi_plus_gutenberg_text_before_share":"","sfsi_plus_gutenberg_show_text_before_share":"","sfsi_plus_gutenberg_icon_type":"","sfsi_plus_gutenberg_icon_alignemt":"","sfsi_plus_gutenburg_max_per_row":"","footnotes":""},"categories":[2],"tags":[],"class_list":["post-145194","post","type-post","status-publish","format-standard","has-post-thumbnail","hentry","category-geral"],"_links":{"self":[{"href":"https:\/\/www.caririemacao.com\/1\/wp-json\/wp\/v2\/posts\/145194","targetHints":{"allow":["GET"]}}],"collection":[{"href":"https:\/\/www.caririemacao.com\/1\/wp-json\/wp\/v2\/posts"}],"about":[{"href":"https:\/\/www.caririemacao.com\/1\/wp-json\/wp\/v2\/types\/post"}],"author":[{"embeddable":true,"href":"https:\/\/www.caririemacao.com\/1\/wp-json\/wp\/v2\/users\/1"}],"replies":[{"embeddable":true,"href":"https:\/\/www.caririemacao.com\/1\/wp-json\/wp\/v2\/comments?post=145194"}],"version-history":[{"count":1,"href":"https:\/\/www.caririemacao.com\/1\/wp-json\/wp\/v2\/posts\/145194\/revisions"}],"predecessor-version":[{"id":145196,"href":"https:\/\/www.caririemacao.com\/1\/wp-json\/wp\/v2\/posts\/145194\/revisions\/145196"}],"wp:featuredmedia":[{"embeddable":true,"href":"https:\/\/www.caririemacao.com\/1\/wp-json\/wp\/v2\/media\/65263"}],"wp:attachment":[{"href":"https:\/\/www.caririemacao.com\/1\/wp-json\/wp\/v2\/media?parent=145194"}],"wp:term":[{"taxonomy":"category","embeddable":true,"href":"https:\/\/www.caririemacao.com\/1\/wp-json\/wp\/v2\/categories?post=145194"},{"taxonomy":"post_tag","embeddable":true,"href":"https:\/\/www.caririemacao.com\/1\/wp-json\/wp\/v2\/tags?post=145194"}],"curies":[{"name":"wp","href":"https:\/\/api.w.org\/{rel}","templated":true}]}}