{"id":145203,"date":"2020-01-08T08:42:46","date_gmt":"2020-01-08T11:42:46","guid":{"rendered":"http:\/\/www.caririemacao.com\/1\/?p=145203"},"modified":"2020-01-08T08:42:46","modified_gmt":"2020-01-08T11:42:46","slug":"diplomata-brasileira-se-encontrara-novamente-com-autoridades-do-ira-nesta-quarta-feira","status":"publish","type":"post","link":"https:\/\/www.caririemacao.com\/1\/2020\/01\/08\/diplomata-brasileira-se-encontrara-novamente-com-autoridades-do-ira-nesta-quarta-feira\/","title":{"rendered":"Diplomata brasileira se encontrar\u00e1 novamente com autoridades do Ir\u00e3 nesta quarta-feira"},"content":{"rendered":"\n<p>Tr\u00eas dias ap\u00f3s ser convocada pelo Minist\u00e9rio das Rela\u00e7\u00f5es Exteriores do Ir\u00e3 para prestar esclarecimentos sobre a nota do Itamaraty que deu apoio \u00e0&nbsp; opera\u00e7\u00e3o dos Estados Unidos que culminou na morte do general iraniano,&nbsp; Qassem Soleimani, a encarregada de neg\u00f3cios da embaixada brasileira em Teer\u00e3, Maria Cristina Lopes, ter\u00e1 um novo encontro, nesta quarta-feira, com autoridades daquele pa\u00eds.<\/p>\n\n\n\n<p>A reuni\u00e3o j\u00e1 estava agendada h\u00e1 algum tempo, com pauta relacionada a cultura, mas a expectativa \u00e9 que a crise no Oriente M\u00e9dio e a posi\u00e7\u00e3o do governo do presidente Jair Bolsonaro sobre o epis\u00f3dio voltem a ser tratados.<\/p>\n\n\n\n<p>No \u00faltimo domingo, durante a reuni\u00e3o na chancelaria do pa\u00eds persa, os iranianos disseram \u00e0 diplomata brasileira que estavam &#8220;desapontados&#8221; com a postura do Brasil, pa\u00eds com o qual o Ir\u00e3 tradicionalmente manteve rela\u00e7\u00f5es diplom\u00e1ticas. O governo persa reclamou que o Itamaraty se solidarizou com os EUA de forma parcial, ignorando a import\u00e2ncia do general da Guarda Revolucion\u00e1ria do Ir\u00e3 assassinado por for\u00e7as americanas no Iraque para a na\u00e7\u00e3o iraniana.<\/p>\n\n\n\n<p>Segundo fontes, Maria Cristina enfatizou que a nota divulgada na noite da \u00faltima sexta-feira pelo Itamaraty n\u00e3o foi contra o Ir\u00e3, mas contra a atua\u00e7\u00e3o daquele pa\u00eds no contexto atual. Ela ainda destacou que cada na\u00e7\u00e3o tem sua pr\u00f3pria pol\u00edtica externa, que precisa ser desenvolvida com pragmatismo.<\/p>\n\n\n\n<p>A nota declarou apoio aos EUA na luta contra o &#8220;flagelo do terrorismo&#8221;. Al\u00e9m do Brasil, outros pa\u00edses se manifestaram sobre o epis\u00f3dio, como Alemanha, Reino Unido e Fran\u00e7a.<\/p>\n\n\n\n<p>O atual embaixador do Brasil no Ir\u00e3, Rodrigo Azeredo, tirou f\u00e9rias no m\u00eas passado e est\u00e1 sendo substitu\u00eddo pela encarregada de neg\u00f3cios do posto. Pessoas pr\u00f3ximas ao diplomata informaram que Azeredo se encontra internado no Rio, com problemas de sa\u00fade.<\/p>\n","protected":false},"excerpt":{"rendered":"<p>Tr\u00eas dias ap\u00f3s ser convocada pelo Minist\u00e9rio das Rela\u00e7\u00f5es Exteriores do Ir\u00e3 para prestar esclarecimentos sobre a nota do Itamaraty que deu apoio \u00e0&nbsp; opera\u00e7\u00e3o&hellip; <\/p>\n","protected":false},"author":1,"featured_media":145204,"comment_status":"closed","ping_status":"closed","sticky":false,"template":"","format":"standard","meta":{"sfsi_plus_gutenberg_text_before_share":"","sfsi_plus_gutenberg_show_text_before_share":"","sfsi_plus_gutenberg_icon_type":"","sfsi_plus_gutenberg_icon_alignemt":"","sfsi_plus_gutenburg_max_per_row":"","footnotes":""},"categories":[11],"tags":[],"class_list":["post-145203","post","type-post","status-publish","format-standard","has-post-thumbnail","hentry","category-politica"],"_links":{"self":[{"href":"https:\/\/www.caririemacao.com\/1\/wp-json\/wp\/v2\/posts\/145203","targetHints":{"allow":["GET"]}}],"collection":[{"href":"https:\/\/www.caririemacao.com\/1\/wp-json\/wp\/v2\/posts"}],"about":[{"href":"https:\/\/www.caririemacao.com\/1\/wp-json\/wp\/v2\/types\/post"}],"author":[{"embeddable":true,"href":"https:\/\/www.caririemacao.com\/1\/wp-json\/wp\/v2\/users\/1"}],"replies":[{"embeddable":true,"href":"https:\/\/www.caririemacao.com\/1\/wp-json\/wp\/v2\/comments?post=145203"}],"version-history":[{"count":1,"href":"https:\/\/www.caririemacao.com\/1\/wp-json\/wp\/v2\/posts\/145203\/revisions"}],"predecessor-version":[{"id":145205,"href":"https:\/\/www.caririemacao.com\/1\/wp-json\/wp\/v2\/posts\/145203\/revisions\/145205"}],"wp:featuredmedia":[{"embeddable":true,"href":"https:\/\/www.caririemacao.com\/1\/wp-json\/wp\/v2\/media\/145204"}],"wp:attachment":[{"href":"https:\/\/www.caririemacao.com\/1\/wp-json\/wp\/v2\/media?parent=145203"}],"wp:term":[{"taxonomy":"category","embeddable":true,"href":"https:\/\/www.caririemacao.com\/1\/wp-json\/wp\/v2\/categories?post=145203"},{"taxonomy":"post_tag","embeddable":true,"href":"https:\/\/www.caririemacao.com\/1\/wp-json\/wp\/v2\/tags?post=145203"}],"curies":[{"name":"wp","href":"https:\/\/api.w.org\/{rel}","templated":true}]}}