{"id":145211,"date":"2020-01-08T08:44:37","date_gmt":"2020-01-08T11:44:37","guid":{"rendered":"http:\/\/www.caririemacao.com\/1\/?p=145211"},"modified":"2020-01-08T08:44:37","modified_gmt":"2020-01-08T11:44:37","slug":"aviao-ucraniano-cai-no-ira-e-deixa-ao-menos-170-mortos","status":"publish","type":"post","link":"https:\/\/www.caririemacao.com\/1\/2020\/01\/08\/aviao-ucraniano-cai-no-ira-e-deixa-ao-menos-170-mortos\/","title":{"rendered":"Avi\u00e3o ucraniano cai no Ir\u00e3 e deixa ao menos 170 mortos"},"content":{"rendered":"\n<p>Um Boeing 737 da companhia Ukraine International Airlines caiu devido a problemas t\u00e9cnicos ap\u00f3s decolar do aeroporto internacional Imam Khomeini, em Teer\u00e3, na madrugada desta quarta (8). Pouco depois, a TV estatal iraniana veiculou que todos os passageiros a bordo da aeronave foram mortos.<\/p>\n\n\n\n<p>Segundo informa\u00e7\u00f5es iniciais, o avi\u00e3o levava 180 pessoas, entre passageiros e tripulantes. Logo depois, o porta-voz da Organiza\u00e7\u00e3o de Avia\u00e7\u00e3o Civil do Ir\u00e3, Reza Jafarzadeh, colocou o n\u00famero total de pessoas a bordo em 170.<\/p>\n\n\n\n<p>Equipes de resgate foram enviadas para uma \u00e1rea pr\u00f3xima ao aeroporto, adicionou Jafarzadeh \u00e0 emissora. N\u00e3o h\u00e1 confirma\u00e7\u00e3o sobre identidade das poss\u00edveis v\u00edtimas at\u00e9 o momento.<\/p>\n\n\n\n<p>&#8220;O avi\u00e3o est\u00e1 pegando fogo, mas n\u00f3s enviamos equipes&#8230; e podemos salvar alguns passageiros&#8221;, disse a princ\u00edpio o chefe dos servi\u00e7os de emerg\u00eancia do Ir\u00e3, Pirhossein Koulivand.<\/p>\n\n\n\n<p>Mais tarde, acrescentou: &#8220;O fogo \u00e9 t\u00e3o forte que n\u00e3o podemos fazer nenhum resgate&#8230; temos 22 ambul\u00e2ncias, quatro \u00f4nibus-ambul\u00e2ncias e um helic\u00f3ptero no local&#8221;.<\/p>\n\n\n\n<p>O servi\u00e7o de rastreamento a\u00e9reo FlightRadar24, apontou que o avi\u00e3o que caiu caiu operava o voo PS 752.<\/p>\n\n\n\n<p>Consultada, a Boeing disse que a empresa est\u00e1 ciente dos relatos da m\u00eddia sobre um acidente de avi\u00e3o no Ir\u00e3 e coleta mais informa\u00e7\u00f5es.<\/p>\n","protected":false},"excerpt":{"rendered":"<p>Um Boeing 737 da companhia Ukraine International Airlines caiu devido a problemas t\u00e9cnicos ap\u00f3s decolar do aeroporto internacional Imam Khomeini, em Teer\u00e3, na madrugada desta&hellip; <\/p>\n","protected":false},"author":1,"featured_media":145213,"comment_status":"closed","ping_status":"closed","sticky":false,"template":"","format":"standard","meta":{"sfsi_plus_gutenberg_text_before_share":"","sfsi_plus_gutenberg_show_text_before_share":"","sfsi_plus_gutenberg_icon_type":"","sfsi_plus_gutenberg_icon_alignemt":"","sfsi_plus_gutenburg_max_per_row":"","footnotes":""},"categories":[2],"tags":[],"class_list":["post-145211","post","type-post","status-publish","format-standard","has-post-thumbnail","hentry","category-geral"],"_links":{"self":[{"href":"https:\/\/www.caririemacao.com\/1\/wp-json\/wp\/v2\/posts\/145211","targetHints":{"allow":["GET"]}}],"collection":[{"href":"https:\/\/www.caririemacao.com\/1\/wp-json\/wp\/v2\/posts"}],"about":[{"href":"https:\/\/www.caririemacao.com\/1\/wp-json\/wp\/v2\/types\/post"}],"author":[{"embeddable":true,"href":"https:\/\/www.caririemacao.com\/1\/wp-json\/wp\/v2\/users\/1"}],"replies":[{"embeddable":true,"href":"https:\/\/www.caririemacao.com\/1\/wp-json\/wp\/v2\/comments?post=145211"}],"version-history":[{"count":1,"href":"https:\/\/www.caririemacao.com\/1\/wp-json\/wp\/v2\/posts\/145211\/revisions"}],"predecessor-version":[{"id":145214,"href":"https:\/\/www.caririemacao.com\/1\/wp-json\/wp\/v2\/posts\/145211\/revisions\/145214"}],"wp:featuredmedia":[{"embeddable":true,"href":"https:\/\/www.caririemacao.com\/1\/wp-json\/wp\/v2\/media\/145213"}],"wp:attachment":[{"href":"https:\/\/www.caririemacao.com\/1\/wp-json\/wp\/v2\/media?parent=145211"}],"wp:term":[{"taxonomy":"category","embeddable":true,"href":"https:\/\/www.caririemacao.com\/1\/wp-json\/wp\/v2\/categories?post=145211"},{"taxonomy":"post_tag","embeddable":true,"href":"https:\/\/www.caririemacao.com\/1\/wp-json\/wp\/v2\/tags?post=145211"}],"curies":[{"name":"wp","href":"https:\/\/api.w.org\/{rel}","templated":true}]}}