{"id":145231,"date":"2020-01-08T09:01:06","date_gmt":"2020-01-08T12:01:06","guid":{"rendered":"http:\/\/www.caririemacao.com\/1\/?p=145231"},"modified":"2020-01-08T09:01:06","modified_gmt":"2020-01-08T12:01:06","slug":"anfavea-estima-aumento-de-94-na-venda-de-veiculos-novos-este-ano","status":"publish","type":"post","link":"https:\/\/www.caririemacao.com\/1\/2020\/01\/08\/anfavea-estima-aumento-de-94-na-venda-de-veiculos-novos-este-ano\/","title":{"rendered":"Anfavea estima aumento de 9,4% na venda de ve\u00edculos novos este ano"},"content":{"rendered":"\n<p>A Associa\u00e7\u00e3o Nacional dos Fabricantes de Ve\u00edculos Automotores (Anfavea) estima que o setor registre, este ano, um aumento de 9,4% na venda de ve\u00edculos novos. A proje\u00e7\u00e3o \u00e9 de que 3,05 milh\u00f5es de unidades, entre autom\u00f3veis, comerciais leves, caminh\u00f5es e \u00f4nibus sejam licenciados. No ano passado, o volume foi de 2,79 milh\u00f5es.<\/p>\n\n\n\n<p>Quanto \u00e0s exporta\u00e7\u00f5es, a perspectiva \u00e9 de recuo. Para 2020, a remessa deve se aproximar de 381 mil ve\u00edculos, ante os 428 mil registrados no ano passado.<\/p>\n\n\n\n<p>&#8220;Ainda \u00e9 lento, mas a gente t\u00e1 vendo alguns sinais, e isso pode ajudar a retomar o consumo&#8221;, disse o presidente da Anfavea, Luiz Carlos Moraes.<\/p>\n\n\n\n<p>&#8220;Estamos muito conservadores com a exporta\u00e7\u00e3o. A gente n\u00e3o est\u00e1 vendo, pelo menos a curto prazo, a retomada&#8221;, acrescentou, argumentando que o pa\u00eds &#8220;\u00e9 muito dependente da Argentina&#8221; em rela\u00e7\u00e3o \u00e0 comercializa\u00e7\u00e3o no exterior e que n\u00e3o v\u00ea nada que possa tornar o cen\u00e1rio mais favor\u00e1vel nesse sentido.<\/p>\n\n\n\n<p>Segundo Moraes, o Brasil tem chances de se estabelecer como sexto maior mercado automotivo, este ano. Ao avan\u00e7ar no ranking, em que ocupa o oitavo lugar, ultrapassaria a Fran\u00e7a e o Reino Unido.<\/p>\n\n\n\n<p>Em rela\u00e7\u00e3o \u00e0 produ\u00e7\u00e3o para este ano, o volume deve chegar a 3,16 milh\u00f5es. Em 2019, as montadoras fabricaram 2,94 milh\u00f5es de unidades. A alta \u00e9 de 7,3%, nesse caso.<\/p>\n\n\n\n<p>Especificamente no que concerne a m\u00e1quinas agr\u00edcolas e rodovi\u00e1rias, as vendas internas devem subir 2,9%, enquanto se calcula uma eleva\u00e7\u00e3o de 1% nas exporta\u00e7\u00f5es.<\/p>\n\n\n\n<p>No ano que se encerrou, constatou-se uma expans\u00e3o de 8,6% nos licenciamentos de autove\u00edculos, que bateram a marca de 2,57 milh\u00f5es.<\/p>\n\n\n\n<p>De 2018 para 2019, a baixa na produ\u00e7\u00e3o e nas vendas provocou um encolhimento de 3,7% nas vagas de emprego do setor. Segundo a Anfavea, a soma de postos de trabalho passou de 130,5 mil para 125,6 mil.<\/p>\n","protected":false},"excerpt":{"rendered":"<p>A Associa\u00e7\u00e3o Nacional dos Fabricantes de Ve\u00edculos Automotores (Anfavea) estima que o setor registre, este ano, um aumento de 9,4% na venda de ve\u00edculos novos.&hellip; <\/p>\n","protected":false},"author":1,"featured_media":42674,"comment_status":"closed","ping_status":"closed","sticky":false,"template":"","format":"standard","meta":{"sfsi_plus_gutenberg_text_before_share":"","sfsi_plus_gutenberg_show_text_before_share":"","sfsi_plus_gutenberg_icon_type":"","sfsi_plus_gutenberg_icon_alignemt":"","sfsi_plus_gutenburg_max_per_row":"","footnotes":""},"categories":[2],"tags":[],"class_list":["post-145231","post","type-post","status-publish","format-standard","has-post-thumbnail","hentry","category-geral"],"_links":{"self":[{"href":"https:\/\/www.caririemacao.com\/1\/wp-json\/wp\/v2\/posts\/145231","targetHints":{"allow":["GET"]}}],"collection":[{"href":"https:\/\/www.caririemacao.com\/1\/wp-json\/wp\/v2\/posts"}],"about":[{"href":"https:\/\/www.caririemacao.com\/1\/wp-json\/wp\/v2\/types\/post"}],"author":[{"embeddable":true,"href":"https:\/\/www.caririemacao.com\/1\/wp-json\/wp\/v2\/users\/1"}],"replies":[{"embeddable":true,"href":"https:\/\/www.caririemacao.com\/1\/wp-json\/wp\/v2\/comments?post=145231"}],"version-history":[{"count":1,"href":"https:\/\/www.caririemacao.com\/1\/wp-json\/wp\/v2\/posts\/145231\/revisions"}],"predecessor-version":[{"id":145232,"href":"https:\/\/www.caririemacao.com\/1\/wp-json\/wp\/v2\/posts\/145231\/revisions\/145232"}],"wp:featuredmedia":[{"embeddable":true,"href":"https:\/\/www.caririemacao.com\/1\/wp-json\/wp\/v2\/media\/42674"}],"wp:attachment":[{"href":"https:\/\/www.caririemacao.com\/1\/wp-json\/wp\/v2\/media?parent=145231"}],"wp:term":[{"taxonomy":"category","embeddable":true,"href":"https:\/\/www.caririemacao.com\/1\/wp-json\/wp\/v2\/categories?post=145231"},{"taxonomy":"post_tag","embeddable":true,"href":"https:\/\/www.caririemacao.com\/1\/wp-json\/wp\/v2\/tags?post=145231"}],"curies":[{"name":"wp","href":"https:\/\/api.w.org\/{rel}","templated":true}]}}