{"id":145444,"date":"2020-01-09T08:17:26","date_gmt":"2020-01-09T11:17:26","guid":{"rendered":"http:\/\/www.caririemacao.com\/1\/?p=145444"},"modified":"2020-01-09T08:17:26","modified_gmt":"2020-01-09T11:17:26","slug":"porta-dos-fundos-justica-do-rio-ordena-retirada-do-ar-de-especial-de-natal","status":"publish","type":"post","link":"https:\/\/www.caririemacao.com\/1\/2020\/01\/09\/porta-dos-fundos-justica-do-rio-ordena-retirada-do-ar-de-especial-de-natal\/","title":{"rendered":"Porta dos Fundos: Justi\u00e7a do Rio ordena retirada do ar de especial de Natal"},"content":{"rendered":"\n<p>Por determina\u00e7\u00e3o do desembargador Benedicto Abicair, da 6\u00aa C\u00e2mara C\u00edvel, a produtora Porta dos Fundos e a Netflix ter\u00e3o de retirar do ar o \u201cEspecial de Natal Porta dos Fundos: A Primeira Tenta\u00e7\u00e3o de Cristo\u201d, divulgado na plataforma de streaming desde o final de dezembro.&nbsp;<\/p>\n\n\n\n<p>A decis\u00e3o vem de encontro a um pedido feito pela Associa\u00e7\u00e3o Centro Dom Bosco de F\u00e9 e Cultura. Em primeira inst\u00e2ncia, o pedido havia sido negado.<\/p>\n\n\n\n<p>Veja a conclus\u00e3o do desembargador:<\/p>\n\n\n\n<p><em>Por todo o exposto, se me aparenta, portanto, mais adequado e ben\u00e9fico, n\u00e3o s\u00f3 para a comunidade crist\u00e3, mas para a sociedade brasileira, majoritariamente crist\u00e3, at\u00e9 que se julgue o m\u00e9rito do Agravo, recorrer-se \u00e0 cautela, para acalmar \u00e2nimos, pelo que concedo a liminar na forma requerida.<\/em><\/p>\n","protected":false},"excerpt":{"rendered":"<p>Por determina\u00e7\u00e3o do desembargador Benedicto Abicair, da 6\u00aa C\u00e2mara C\u00edvel, a produtora Porta dos Fundos e a Netflix ter\u00e3o de retirar do ar o \u201cEspecial&hellip; <\/p>\n","protected":false},"author":1,"featured_media":145445,"comment_status":"closed","ping_status":"closed","sticky":false,"template":"","format":"standard","meta":{"sfsi_plus_gutenberg_text_before_share":"","sfsi_plus_gutenberg_show_text_before_share":"","sfsi_plus_gutenberg_icon_type":"","sfsi_plus_gutenberg_icon_alignemt":"","sfsi_plus_gutenburg_max_per_row":"","footnotes":""},"categories":[2],"tags":[],"class_list":["post-145444","post","type-post","status-publish","format-standard","has-post-thumbnail","hentry","category-geral"],"_links":{"self":[{"href":"https:\/\/www.caririemacao.com\/1\/wp-json\/wp\/v2\/posts\/145444","targetHints":{"allow":["GET"]}}],"collection":[{"href":"https:\/\/www.caririemacao.com\/1\/wp-json\/wp\/v2\/posts"}],"about":[{"href":"https:\/\/www.caririemacao.com\/1\/wp-json\/wp\/v2\/types\/post"}],"author":[{"embeddable":true,"href":"https:\/\/www.caririemacao.com\/1\/wp-json\/wp\/v2\/users\/1"}],"replies":[{"embeddable":true,"href":"https:\/\/www.caririemacao.com\/1\/wp-json\/wp\/v2\/comments?post=145444"}],"version-history":[{"count":1,"href":"https:\/\/www.caririemacao.com\/1\/wp-json\/wp\/v2\/posts\/145444\/revisions"}],"predecessor-version":[{"id":145446,"href":"https:\/\/www.caririemacao.com\/1\/wp-json\/wp\/v2\/posts\/145444\/revisions\/145446"}],"wp:featuredmedia":[{"embeddable":true,"href":"https:\/\/www.caririemacao.com\/1\/wp-json\/wp\/v2\/media\/145445"}],"wp:attachment":[{"href":"https:\/\/www.caririemacao.com\/1\/wp-json\/wp\/v2\/media?parent=145444"}],"wp:term":[{"taxonomy":"category","embeddable":true,"href":"https:\/\/www.caririemacao.com\/1\/wp-json\/wp\/v2\/categories?post=145444"},{"taxonomy":"post_tag","embeddable":true,"href":"https:\/\/www.caririemacao.com\/1\/wp-json\/wp\/v2\/tags?post=145444"}],"curies":[{"name":"wp","href":"https:\/\/api.w.org\/{rel}","templated":true}]}}