{"id":145449,"date":"2020-01-09T08:18:37","date_gmt":"2020-01-09T11:18:37","guid":{"rendered":"http:\/\/www.caririemacao.com\/1\/?p=145449"},"modified":"2020-01-09T08:18:37","modified_gmt":"2020-01-09T11:18:37","slug":"ibge-producao-de-soja-apresenta-queda-em-2019","status":"publish","type":"post","link":"https:\/\/www.caririemacao.com\/1\/2020\/01\/09\/ibge-producao-de-soja-apresenta-queda-em-2019\/","title":{"rendered":"IBGE: Produ\u00e7\u00e3o de soja apresenta queda em 2019"},"content":{"rendered":"\n<p>A safra de cereais, leguminosas e oleaginosas fechou 2019 com uma produ\u00e7\u00e3o recorde de 241,5 milh\u00f5es de toneladas, segundo a \u00faltima estimativa divulgada pelo Instituto Brasileiro de Geografia e Estat\u00edstica (IBGE).<\/p>\n\n\n\n<p>De acordo com dados divulgados hoje (8), a estimativa \u00e9 6,6% superior \u00e0 safra de 2018, de 226,5 milh\u00f5es de toneladas, e 1,3% maior que o recorde anterior, de 2017, de 238,4 milh\u00f5es de toneladas.<\/p>\n\n\n\n<p>De acordo com o IBGE, a soja, que \u00e9 o principal gr\u00e3o, no entanto, fechou com 113,5 milh\u00f5es de toneladas, uma queda de 3,7% em rela\u00e7\u00e3o a 2018.<\/p>\n\n\n\n<p>O arroz tamb\u00e9m teve redu\u00e7\u00e3o de 12,6%.<\/p>\n\n\n\n<p>As quedas foram compensadas, principalmente, pelas produ\u00e7\u00f5es recordes de 100,6 milh\u00f5es de toneladas de milho, com 23,6% a mais que em 2018, e de 6,9 milh\u00f5es de toneladas de algod\u00e3o, uma alta de 39,8%.<\/p>\n\n\n\n<p><strong>Progn\u00f3stico para 2020<\/strong><\/p>\n\n\n\n<p>O IBGE tamb\u00e9m divulgou seu terceiro progn\u00f3stico para a safra de 2020, que dever\u00e1 ser ainda maior do que a estimada para 2019, de 243,2 milh\u00f5es de toneladas, ou seja, 0,7% acima da safra do ano passado.<\/p>\n\n\n\n<p>Entre as seis principais safras de gr\u00e3os, apenas a segunda safra do milho dever\u00e1 apresentar queda em rela\u00e7\u00e3o em 2019, de 10,4%. As demais dever\u00e3o apresentar alta: soja (7,8%), arroz (0,9%), primeira safra do milho (1,8%), algod\u00e3o (2,7%) e primeira safra de feij\u00e3o (3,3%).<\/p>\n","protected":false},"excerpt":{"rendered":"<p>A safra de cereais, leguminosas e oleaginosas fechou 2019 com uma produ\u00e7\u00e3o recorde de 241,5 milh\u00f5es de toneladas, segundo a \u00faltima estimativa divulgada pelo Instituto&hellip; <\/p>\n","protected":false},"author":1,"featured_media":120078,"comment_status":"closed","ping_status":"closed","sticky":false,"template":"","format":"standard","meta":{"sfsi_plus_gutenberg_text_before_share":"","sfsi_plus_gutenberg_show_text_before_share":"","sfsi_plus_gutenberg_icon_type":"","sfsi_plus_gutenberg_icon_alignemt":"","sfsi_plus_gutenburg_max_per_row":"","footnotes":""},"categories":[2],"tags":[],"class_list":["post-145449","post","type-post","status-publish","format-standard","has-post-thumbnail","hentry","category-geral"],"_links":{"self":[{"href":"https:\/\/www.caririemacao.com\/1\/wp-json\/wp\/v2\/posts\/145449","targetHints":{"allow":["GET"]}}],"collection":[{"href":"https:\/\/www.caririemacao.com\/1\/wp-json\/wp\/v2\/posts"}],"about":[{"href":"https:\/\/www.caririemacao.com\/1\/wp-json\/wp\/v2\/types\/post"}],"author":[{"embeddable":true,"href":"https:\/\/www.caririemacao.com\/1\/wp-json\/wp\/v2\/users\/1"}],"replies":[{"embeddable":true,"href":"https:\/\/www.caririemacao.com\/1\/wp-json\/wp\/v2\/comments?post=145449"}],"version-history":[{"count":1,"href":"https:\/\/www.caririemacao.com\/1\/wp-json\/wp\/v2\/posts\/145449\/revisions"}],"predecessor-version":[{"id":145450,"href":"https:\/\/www.caririemacao.com\/1\/wp-json\/wp\/v2\/posts\/145449\/revisions\/145450"}],"wp:featuredmedia":[{"embeddable":true,"href":"https:\/\/www.caririemacao.com\/1\/wp-json\/wp\/v2\/media\/120078"}],"wp:attachment":[{"href":"https:\/\/www.caririemacao.com\/1\/wp-json\/wp\/v2\/media?parent=145449"}],"wp:term":[{"taxonomy":"category","embeddable":true,"href":"https:\/\/www.caririemacao.com\/1\/wp-json\/wp\/v2\/categories?post=145449"},{"taxonomy":"post_tag","embeddable":true,"href":"https:\/\/www.caririemacao.com\/1\/wp-json\/wp\/v2\/tags?post=145449"}],"curies":[{"name":"wp","href":"https:\/\/api.w.org\/{rel}","templated":true}]}}