{"id":145461,"date":"2020-01-09T08:23:45","date_gmt":"2020-01-09T11:23:45","guid":{"rendered":"http:\/\/www.caririemacao.com\/1\/?p=145461"},"modified":"2020-01-09T08:23:45","modified_gmt":"2020-01-09T11:23:45","slug":"bolsonaro-reafirma-brasil-repudia-o-terrorismo","status":"publish","type":"post","link":"https:\/\/www.caririemacao.com\/1\/2020\/01\/09\/bolsonaro-reafirma-brasil-repudia-o-terrorismo\/","title":{"rendered":"Bolsonaro reafirma: Brasil repudia o terrorismo"},"content":{"rendered":"\n<p>p\u00f3s assistir ao pronunciamento do presidente dos Estados Unidos, Donald Trump , sobre o conflito com o Ir\u00e3, o presidente Jair Bolsonaro reafirmou hoje (8) que o Brasil defende a paz no mundo e repudia o terrorismo.<\/p>\n\n\n\n<p>\u201cA nossa Constitui\u00e7\u00e3o aqui diz no Artigo 4, a Rep\u00fablica Federativa do Brasil rege-se nas suas rela\u00e7\u00f5es internacionais pelos seguintes princ\u00edpios: a defesa da paz e no rep\u00fadio ao terrorismo\u201d, disse, com a Constitui\u00e7\u00e3o Federal nas m\u00e3os.<\/p>\n\n\n\n<p>Bolsonaro fez uma transmiss\u00e3o ao vivo, por uma rede social, de seu gabinete no Pal\u00e1cio do Planalto, enquanto assistia ao pronunciamento de Trump pela televis\u00e3o.<\/p>\n\n\n\n<p>\u201cMuitos acham que o Brasil deve se omitir no tocante aos acontecimentos. Complementaria apenas uma quest\u00e3o, n\u00f3s temos que seguir as nossas leis, n\u00f3s n\u00e3o podemos extrapolar, mas acredito que a verdade tem que fazer parte do nosso dia a dia, que n\u00f3s queremos paz no mundo\u201d, disse.<\/p>\n\n\n\n<figure class=\"wp-block-image\"><img decoding=\"async\" data-src=\"https:\/\/paraibaonline.com.br\/wp-content\/uploads\/2020\/01\/bolsonarolive_trump.jpg\" alt=\"Foto: Reprodu\u00e7\u00e3o\/Facebook\" class=\"wp-image-829809 lazyload\" src=\"data:image\/svg+xml;base64,PHN2ZyB3aWR0aD0iMSIgaGVpZ2h0PSIxIiB4bWxucz0iaHR0cDovL3d3dy53My5vcmcvMjAwMC9zdmciPjwvc3ZnPg==\" \/><\/figure>\n\n\n\n<p>Foto: Reprodu\u00e7\u00e3o\/Facebook<\/p>\n\n\n\n<p>Trump falou nesta quarta-feira, na Casa Branca, em Washington, sobre o ataque iraniano com m\u00edsseis bal\u00edsticos a duas bases a\u00e9reas dos Estados Unidos, ontem (7), no Iraque. De acordo com o presidente norte-americano, n\u00e3o h\u00e1 registros de mortes.<\/p>\n\n\n\n<p>A Guarda Revolucion\u00e1ria do Ir\u00e3 assumiu a responsabilidade pelo ataque e informou que foi uma rea\u00e7\u00e3o ao assassinato do general iraniano Qassem Soleimani.<\/p>\n\n\n\n<p>Na semana passada, um ataque com drone feito pelos Estados Unidos no Iraque resultou na morte de Soleimani , uma das principais lideran\u00e7as militares do Ir\u00e3.<\/p>\n","protected":false},"excerpt":{"rendered":"<p>p\u00f3s assistir ao pronunciamento do presidente dos Estados Unidos, Donald Trump , sobre o conflito com o Ir\u00e3, o presidente Jair Bolsonaro reafirmou hoje (8)&hellip; <\/p>\n","protected":false},"author":1,"featured_media":143485,"comment_status":"closed","ping_status":"closed","sticky":false,"template":"","format":"standard","meta":{"sfsi_plus_gutenberg_text_before_share":"","sfsi_plus_gutenberg_show_text_before_share":"","sfsi_plus_gutenberg_icon_type":"","sfsi_plus_gutenberg_icon_alignemt":"","sfsi_plus_gutenburg_max_per_row":"","footnotes":""},"categories":[11],"tags":[],"class_list":["post-145461","post","type-post","status-publish","format-standard","has-post-thumbnail","hentry","category-politica"],"_links":{"self":[{"href":"https:\/\/www.caririemacao.com\/1\/wp-json\/wp\/v2\/posts\/145461","targetHints":{"allow":["GET"]}}],"collection":[{"href":"https:\/\/www.caririemacao.com\/1\/wp-json\/wp\/v2\/posts"}],"about":[{"href":"https:\/\/www.caririemacao.com\/1\/wp-json\/wp\/v2\/types\/post"}],"author":[{"embeddable":true,"href":"https:\/\/www.caririemacao.com\/1\/wp-json\/wp\/v2\/users\/1"}],"replies":[{"embeddable":true,"href":"https:\/\/www.caririemacao.com\/1\/wp-json\/wp\/v2\/comments?post=145461"}],"version-history":[{"count":1,"href":"https:\/\/www.caririemacao.com\/1\/wp-json\/wp\/v2\/posts\/145461\/revisions"}],"predecessor-version":[{"id":145462,"href":"https:\/\/www.caririemacao.com\/1\/wp-json\/wp\/v2\/posts\/145461\/revisions\/145462"}],"wp:featuredmedia":[{"embeddable":true,"href":"https:\/\/www.caririemacao.com\/1\/wp-json\/wp\/v2\/media\/143485"}],"wp:attachment":[{"href":"https:\/\/www.caririemacao.com\/1\/wp-json\/wp\/v2\/media?parent=145461"}],"wp:term":[{"taxonomy":"category","embeddable":true,"href":"https:\/\/www.caririemacao.com\/1\/wp-json\/wp\/v2\/categories?post=145461"},{"taxonomy":"post_tag","embeddable":true,"href":"https:\/\/www.caririemacao.com\/1\/wp-json\/wp\/v2\/tags?post=145461"}],"curies":[{"name":"wp","href":"https:\/\/api.w.org\/{rel}","templated":true}]}}