{"id":145465,"date":"2020-01-09T09:01:29","date_gmt":"2020-01-09T12:01:29","guid":{"rendered":"http:\/\/www.caririemacao.com\/1\/?p=145465"},"modified":"2020-01-09T09:01:29","modified_gmt":"2020-01-09T12:01:29","slug":"agricultor-cai-na-cratera-formada-na-pb-202-e-morre-em-santo-andre","status":"publish","type":"post","link":"https:\/\/www.caririemacao.com\/1\/2020\/01\/09\/agricultor-cai-na-cratera-formada-na-pb-202-e-morre-em-santo-andre\/","title":{"rendered":"Agricultor cai na cratera formada na PB 202 e morre em Santo Andr\u00e9"},"content":{"rendered":"\n<p>Nas primeiras horas da manh\u00e3 desta quinta-feira(09), foi encontrado o corpo do agricultor Luiz Benjamim conhecido por Luiz Beija no munic\u00edpio de Santo Andr\u00e9, Cariri da Para\u00edba. Ele morreu ap\u00f3s cair de moto numa cratera formada na PB 202 e foi levado pela enchente.<\/p>\n\n\n\n<p>O agricultor estava desaparecido desde a noite desta \u00faltima quarta(08), ap\u00f3s o rompimento de um dos trechos da rodovia PB 202, que liga os munic\u00edpios de Santo Andr\u00e9 a Parari.<\/p>\n\n\n\n<p>Informa\u00e7\u00f5es d\u00e3o conta, que Luiz de Beija estava transitando em sua moto quando teria sido \u2018engolido\u2019 junto com um dos trechos da rodovia, que se rompeu ap\u00f3s as fortes chuvas ca\u00eddas no munic\u00edpio. A moto do agricultor tamb\u00e9m foi encontrada nesta manh\u00e3 nas proximidades da rodovia.<\/p>\n\n\n\n<div class=\"wp-block-image\"><figure class=\"aligncenter\"><img decoding=\"async\" data-src=\"http:\/\/deolhonocariri.com.br\/wp-content\/uploads\/2020\/01\/a-41.jpg\" alt=\"\" class=\"wp-image-76217 lazyload\" src=\"data:image\/svg+xml;base64,PHN2ZyB3aWR0aD0iMSIgaGVpZ2h0PSIxIiB4bWxucz0iaHR0cDovL3d3dy53My5vcmcvMjAwMC9zdmciPjwvc3ZnPg==\" \/><\/figure><\/div>\n\n\n\n<p>Familiares do agricultor estiveram no local agora pela manh\u00e3 e confirmaram a identidade do corpo.<\/p>\n\n\n\n<p>Al\u00e9m de trechos de rodovias, pequenos a\u00e7udes e barragens tamb\u00e9m se romperam e isso provocou uma forte enchente em rios e riachos que cortam o munic\u00edpio de Santo Andr\u00e9.<\/p>\n\n\n\n<p><strong>De Olho no Cariri<\/strong><\/p>\n","protected":false},"excerpt":{"rendered":"<p>Nas primeiras horas da manh\u00e3 desta quinta-feira(09), foi encontrado o corpo do agricultor Luiz Benjamim conhecido por Luiz Beija no munic\u00edpio de Santo Andr\u00e9, Cariri&hellip; <\/p>\n","protected":false},"author":1,"featured_media":145467,"comment_status":"closed","ping_status":"closed","sticky":false,"template":"","format":"standard","meta":{"sfsi_plus_gutenberg_text_before_share":"","sfsi_plus_gutenberg_show_text_before_share":"","sfsi_plus_gutenberg_icon_type":"","sfsi_plus_gutenberg_icon_alignemt":"","sfsi_plus_gutenburg_max_per_row":"","footnotes":""},"categories":[12],"tags":[],"class_list":["post-145465","post","type-post","status-publish","format-standard","has-post-thumbnail","hentry","category-policia"],"_links":{"self":[{"href":"https:\/\/www.caririemacao.com\/1\/wp-json\/wp\/v2\/posts\/145465","targetHints":{"allow":["GET"]}}],"collection":[{"href":"https:\/\/www.caririemacao.com\/1\/wp-json\/wp\/v2\/posts"}],"about":[{"href":"https:\/\/www.caririemacao.com\/1\/wp-json\/wp\/v2\/types\/post"}],"author":[{"embeddable":true,"href":"https:\/\/www.caririemacao.com\/1\/wp-json\/wp\/v2\/users\/1"}],"replies":[{"embeddable":true,"href":"https:\/\/www.caririemacao.com\/1\/wp-json\/wp\/v2\/comments?post=145465"}],"version-history":[{"count":1,"href":"https:\/\/www.caririemacao.com\/1\/wp-json\/wp\/v2\/posts\/145465\/revisions"}],"predecessor-version":[{"id":145468,"href":"https:\/\/www.caririemacao.com\/1\/wp-json\/wp\/v2\/posts\/145465\/revisions\/145468"}],"wp:featuredmedia":[{"embeddable":true,"href":"https:\/\/www.caririemacao.com\/1\/wp-json\/wp\/v2\/media\/145467"}],"wp:attachment":[{"href":"https:\/\/www.caririemacao.com\/1\/wp-json\/wp\/v2\/media?parent=145465"}],"wp:term":[{"taxonomy":"category","embeddable":true,"href":"https:\/\/www.caririemacao.com\/1\/wp-json\/wp\/v2\/categories?post=145465"},{"taxonomy":"post_tag","embeddable":true,"href":"https:\/\/www.caririemacao.com\/1\/wp-json\/wp\/v2\/tags?post=145465"}],"curies":[{"name":"wp","href":"https:\/\/api.w.org\/{rel}","templated":true}]}}