{"id":145477,"date":"2020-01-09T10:00:55","date_gmt":"2020-01-09T13:00:55","guid":{"rendered":"http:\/\/www.caririemacao.com\/1\/?p=145477"},"modified":"2020-01-09T10:00:55","modified_gmt":"2020-01-09T13:00:55","slug":"doenca-desconhecida-causa-morte-em-minas-gerais","status":"publish","type":"post","link":"https:\/\/www.caririemacao.com\/1\/2020\/01\/09\/doenca-desconhecida-causa-morte-em-minas-gerais\/","title":{"rendered":"Doen\u00e7a desconhecida causa morte em Minas Gerais"},"content":{"rendered":"\n<p>Uma doen\u00e7a misteriosa assusta os moradores de Minas Gerais, e oito casos suspeitos s\u00e3o investigados pelo estado. Os pacientes apresentam problemas gastrointestinais \u2013 como n\u00e1useas, v\u00f4mitos e dor abdominal -, insufici\u00eancia renal aguda e altera\u00e7\u00f5es neurol\u00f3gicas \u2013 com paralisias e&nbsp; dificuldades na vis\u00e3o.<\/p>\n\n\n\n<p>Seis casos foram em Belo Horizonte, um em Nova Lima e outro em Ub\u00e1, no interior do estado. Todos os pacientes s\u00e3o homens, com idade entre 23 e 76 anos. O primeiro caso foi registrado em 19 de dezembro.<\/p>\n\n\n\n<p>Um dos pacientes, de 55 anos, morreu ter\u00e7a-feira (7) em Juiz de Fora, onde estava internado.<\/p>\n\n\n\n<p>Exames foram realizados pela Funda\u00e7\u00e3o Ezequiel Dias, que abriga o Laborat\u00f3rio Central de Sa\u00fade P\u00fablica de Minas Gerais, e ainda n\u00e3o h\u00e1 resultados conclusivos.<\/p>\n\n\n\n<p>A Secretaria estadual de Sa\u00fade informou que uma for\u00e7a tarefa foi constitu\u00edda com a Secretaria Municipal de Sa\u00fade de Belo Horizonte e o Minist\u00e9rio da Sa\u00fade. A primeira reuni\u00e3o foi realizada nessa quarta-feira (8) para alinhar informa\u00e7\u00f5es e dados colhidos e definir os trabalhos.<\/p>\n\n\n\n<p>O Minist\u00e9rio da Sa\u00fade disse que uma equipe especializada em epidemiologia foi enviada a Belo Horizonte ter\u00e7a-feira Os profissionais colaboram na investiga\u00e7\u00e3o e no diagn\u00f3stico dos casos.<\/p>\n\n\n\n<p>A Secretaria de Sa\u00fade da capital investiga os aspectos cl\u00ednicos, epidemiol\u00f3gicos e sanit\u00e1rios da doen\u00e7a. Al\u00e9m disso, fiscais sanit\u00e1rios agem na coleta de alimentos e demais produtos, para an\u00e1lise laboratorial, al\u00e9m de vistorias nos locais de aquisi\u00e7\u00e3o desses produtos.<\/p>\n\n\n\n<p>A Pol\u00edcia Civil de Minas Gerais est\u00e1 verificando ind\u00edcios de crime relacionado a doen\u00e7a desconhecida. At\u00e9 o momento, amostras de bebidas foram encaminhadas ao Instituto de Criminal\u00edstica para serem examinadas.<\/p>\n\n\n\n<p>O governo do estado pede que novos casos sejam comunicados ao Centro de Informa\u00e7\u00f5es Estrat\u00e9gicas em Vigil\u00e2ncia em Sa\u00fade.<\/p>\n","protected":false},"excerpt":{"rendered":"<p>Uma doen\u00e7a misteriosa assusta os moradores de Minas Gerais, e oito casos suspeitos s\u00e3o investigados pelo estado. Os pacientes apresentam problemas gastrointestinais \u2013 como n\u00e1useas,&hellip; <\/p>\n","protected":false},"author":1,"featured_media":145481,"comment_status":"closed","ping_status":"closed","sticky":false,"template":"","format":"standard","meta":{"sfsi_plus_gutenberg_text_before_share":"","sfsi_plus_gutenberg_show_text_before_share":"","sfsi_plus_gutenberg_icon_type":"","sfsi_plus_gutenberg_icon_alignemt":"","sfsi_plus_gutenburg_max_per_row":"","footnotes":""},"categories":[16],"tags":[],"class_list":["post-145477","post","type-post","status-publish","format-standard","has-post-thumbnail","hentry","category-saude"],"_links":{"self":[{"href":"https:\/\/www.caririemacao.com\/1\/wp-json\/wp\/v2\/posts\/145477","targetHints":{"allow":["GET"]}}],"collection":[{"href":"https:\/\/www.caririemacao.com\/1\/wp-json\/wp\/v2\/posts"}],"about":[{"href":"https:\/\/www.caririemacao.com\/1\/wp-json\/wp\/v2\/types\/post"}],"author":[{"embeddable":true,"href":"https:\/\/www.caririemacao.com\/1\/wp-json\/wp\/v2\/users\/1"}],"replies":[{"embeddable":true,"href":"https:\/\/www.caririemacao.com\/1\/wp-json\/wp\/v2\/comments?post=145477"}],"version-history":[{"count":1,"href":"https:\/\/www.caririemacao.com\/1\/wp-json\/wp\/v2\/posts\/145477\/revisions"}],"predecessor-version":[{"id":145482,"href":"https:\/\/www.caririemacao.com\/1\/wp-json\/wp\/v2\/posts\/145477\/revisions\/145482"}],"wp:featuredmedia":[{"embeddable":true,"href":"https:\/\/www.caririemacao.com\/1\/wp-json\/wp\/v2\/media\/145481"}],"wp:attachment":[{"href":"https:\/\/www.caririemacao.com\/1\/wp-json\/wp\/v2\/media?parent=145477"}],"wp:term":[{"taxonomy":"category","embeddable":true,"href":"https:\/\/www.caririemacao.com\/1\/wp-json\/wp\/v2\/categories?post=145477"},{"taxonomy":"post_tag","embeddable":true,"href":"https:\/\/www.caririemacao.com\/1\/wp-json\/wp\/v2\/tags?post=145477"}],"curies":[{"name":"wp","href":"https:\/\/api.w.org\/{rel}","templated":true}]}}