{"id":145485,"date":"2020-01-09T10:07:22","date_gmt":"2020-01-09T13:07:22","guid":{"rendered":"http:\/\/www.caririemacao.com\/1\/?p=145485"},"modified":"2020-01-09T10:07:22","modified_gmt":"2020-01-09T13:07:22","slug":"contrariando-nota-divulgada-pelo-psb-tse-apresenta-marcia-lucena-como-presidente-do-partido-na-paraiba","status":"publish","type":"post","link":"https:\/\/www.caririemacao.com\/1\/2020\/01\/09\/contrariando-nota-divulgada-pelo-psb-tse-apresenta-marcia-lucena-como-presidente-do-partido-na-paraiba\/","title":{"rendered":"Contrariando nota divulgada pelo PSB, TSE apresenta M\u00e1rcia Lucena como presidente do partido na Para\u00edba"},"content":{"rendered":"\n<p>Diferente do que foi anunciado nessa quarta-feira (08) atrav\u00e9s de nota divulgada pelo PSB Paraibano, o Tribunal Superior Eleitoral traz a ascens\u00e3o da prefeita de Conde, M\u00e1rcia Lucena, ao cargo de presidente do partido no Estado. A nota do PSB colocava o deputado Gerv\u00e1sio Maia no posto.<\/p>\n\n\n\n<p>O nome de M\u00e1rcia Lucena j\u00e1 consta no sistema como sendo a presidente e Maia ser\u00e1 o vice-presidente. Na dire\u00e7\u00e3o ainda tem a deputada estadual Cida Ramos (secret\u00e1ria-geral), os deputados estaduais Jeov\u00e1 Campos e Buba Germano, ambos como secret\u00e1rios especiais, al\u00e9m da ex-secret\u00e1ria de Estado, Cassandra Figueiredo (primeira secret\u00e1ria) e F\u00e1bio Maia (secret\u00e1rio de Finan\u00e7as).<\/p>\n\n\n\n<p>Confira:<\/p>\n\n\n\n<figure class=\"wp-block-image\"><img decoding=\"async\" data-src=\"https:\/\/wscom.com.br\/wp-content\/uploads\/2020\/01\/marcia-presidente.jpg\" alt=\"\" class=\"wp-image-685895 lazyload\" src=\"data:image\/svg+xml;base64,PHN2ZyB3aWR0aD0iMSIgaGVpZ2h0PSIxIiB4bWxucz0iaHR0cDovL3d3dy53My5vcmcvMjAwMC9zdmciPjwvc3ZnPg==\" \/><figcaption>Fonte: Bastidores da pol\u00edtica <\/figcaption><\/figure>\n","protected":false},"excerpt":{"rendered":"<p>Diferente do que foi anunciado nessa quarta-feira (08) atrav\u00e9s de nota divulgada pelo PSB Paraibano, o Tribunal Superior Eleitoral traz a ascens\u00e3o da prefeita de&hellip; <\/p>\n","protected":false},"author":1,"featured_media":145486,"comment_status":"closed","ping_status":"closed","sticky":false,"template":"","format":"standard","meta":{"sfsi_plus_gutenberg_text_before_share":"","sfsi_plus_gutenberg_show_text_before_share":"","sfsi_plus_gutenberg_icon_type":"","sfsi_plus_gutenberg_icon_alignemt":"","sfsi_plus_gutenburg_max_per_row":"","footnotes":""},"categories":[2],"tags":[],"class_list":["post-145485","post","type-post","status-publish","format-standard","has-post-thumbnail","hentry","category-geral"],"_links":{"self":[{"href":"https:\/\/www.caririemacao.com\/1\/wp-json\/wp\/v2\/posts\/145485","targetHints":{"allow":["GET"]}}],"collection":[{"href":"https:\/\/www.caririemacao.com\/1\/wp-json\/wp\/v2\/posts"}],"about":[{"href":"https:\/\/www.caririemacao.com\/1\/wp-json\/wp\/v2\/types\/post"}],"author":[{"embeddable":true,"href":"https:\/\/www.caririemacao.com\/1\/wp-json\/wp\/v2\/users\/1"}],"replies":[{"embeddable":true,"href":"https:\/\/www.caririemacao.com\/1\/wp-json\/wp\/v2\/comments?post=145485"}],"version-history":[{"count":1,"href":"https:\/\/www.caririemacao.com\/1\/wp-json\/wp\/v2\/posts\/145485\/revisions"}],"predecessor-version":[{"id":145487,"href":"https:\/\/www.caririemacao.com\/1\/wp-json\/wp\/v2\/posts\/145485\/revisions\/145487"}],"wp:featuredmedia":[{"embeddable":true,"href":"https:\/\/www.caririemacao.com\/1\/wp-json\/wp\/v2\/media\/145486"}],"wp:attachment":[{"href":"https:\/\/www.caririemacao.com\/1\/wp-json\/wp\/v2\/media?parent=145485"}],"wp:term":[{"taxonomy":"category","embeddable":true,"href":"https:\/\/www.caririemacao.com\/1\/wp-json\/wp\/v2\/categories?post=145485"},{"taxonomy":"post_tag","embeddable":true,"href":"https:\/\/www.caririemacao.com\/1\/wp-json\/wp\/v2\/tags?post=145485"}],"curies":[{"name":"wp","href":"https:\/\/api.w.org\/{rel}","templated":true}]}}