{"id":145490,"date":"2020-01-09T10:12:15","date_gmt":"2020-01-09T13:12:15","guid":{"rendered":"http:\/\/www.caririemacao.com\/1\/?p=145490"},"modified":"2020-01-09T10:12:15","modified_gmt":"2020-01-09T13:12:15","slug":"comeca-pesquisa-para-saber-como-anda-a-saude-dos-brasileiros","status":"publish","type":"post","link":"https:\/\/www.caririemacao.com\/1\/2020\/01\/09\/comeca-pesquisa-para-saber-como-anda-a-saude-dos-brasileiros\/","title":{"rendered":"Come\u00e7a pesquisa para saber como anda a sa\u00fade dos brasileiros"},"content":{"rendered":"\n<p>A pesquisa Vigitel 2020 (Vigil\u00e2ncia de Fatores de Risco e Prote\u00e7\u00e3o para Doen\u00e7as Cr\u00f4nicas por Inqu\u00e9rito Telef\u00f4nico), realizada todos os anos pelo Minist\u00e9rio da Sa\u00fade, pretende ouvir cerca de 27 mil pessoas somente no primeiro semestre. A participa\u00e7\u00e3o \u00e9 muito importante para que seja poss\u00edvel conhecer o retrato da sa\u00fade das pessoas no pa\u00eds e para o planejamento e monitoramento das a\u00e7\u00f5es e pol\u00edticas p\u00fablicas de cuidado \u00e0 sa\u00fade dos brasileiros.<\/p>\n\n\n\n<p>Por isso, o minist\u00e9rio avisa que os cidad\u00e3os com mais de&nbsp;18 anos e que moram em uma das 26 capitais do pa\u00eds, al\u00e9m de Bras\u00edlia, poder\u00e3o receber uma liga\u00e7\u00e3o do pesquisador do minist\u00e9rio convidando-os para participar da pesquisa. O objetivo do estudo \u00e9 mapear as ocorr\u00eancias de&nbsp;doen\u00e7as cr\u00f4nicas n\u00e3o transmiss\u00edveis&nbsp;como diabetes, c\u00e2nceres, obesidade, doen\u00e7as respirat\u00f3rias e relacionadas ao cora\u00e7\u00e3o \u2013 principais causas de mortes no pa\u00eds.<\/p>\n\n\n\n<p>Segundo o minist\u00e9rio, o tempo m\u00e9dio para responder ao question\u00e1rio \u00e9 de cerca de 12 minutos. As liga\u00e7\u00f5es ser\u00e3o feitas das 9h \u00e0s 21h (hor\u00e1rio de Bras\u00edlia) nos dias da semana, e das 10 \u00e0s 16h aos s\u00e1bados, domingos e feriados. A participa\u00e7\u00e3o na pesquisa \u00e9 volunt\u00e1ria.<\/p>\n\n\n\n<p>\u201cConhecer a situa\u00e7\u00e3o de sa\u00fade da popula\u00e7\u00e3o \u00e9 o primeiro passo para planejar a\u00e7\u00f5es e programas que reduzam a ocorr\u00eancia e a gravidade destas doen\u00e7as, melhorando, assim, a sa\u00fade da popula\u00e7\u00e3o\u201d, destacou o secret\u00e1rio de Vigil\u00e2ncia em Sa\u00fade, Wanderson Oliveira.<\/p>\n\n\n\n<p>O minist\u00e9rio alerta que durante a pesquisa n\u00e3o ser\u00e1 perguntada qualquer informa\u00e7\u00e3o relacionada a documentos pessoais, como CPF, RG ou mesmo dados banc\u00e1rios. As \u00fanicas informa\u00e7\u00f5es pessoais obtidas por meio da pesquisa dizem respeito \u00e0 idade, sexo, escolaridade, estado civil e ra\u00e7a\/cor, uma vez que permitem que os resultados reflitam a distribui\u00e7\u00e3o sociodemogr\u00e1fica da popula\u00e7\u00e3o total.<\/p>\n\n\n\n<p>Desde 2006, a pesquisa Vigitel monitora a frequ\u00eancia e a distribui\u00e7\u00e3o de fatores de risco para o surgimento destas doen\u00e7as atrav\u00e9s de um question\u00e1rio, respondido por telefone, sobre itens como h\u00e1bitos alimentares (consumo de frutas e hortali\u00e7as) e estilo de vida (pr\u00e1tica de atividade f\u00edsica, tabagismo e consumo de bebidas alc\u00f3olicas). S\u00e3o tamb\u00e9m investigadas a frequ\u00eancia e o diagn\u00f3stico m\u00e9dico de hipertens\u00e3o arterial e diabetes, bem como a realiza\u00e7\u00e3o de exames de mamografia e de papanicolau.<\/p>\n","protected":false},"excerpt":{"rendered":"<p>A pesquisa Vigitel 2020 (Vigil\u00e2ncia de Fatores de Risco e Prote\u00e7\u00e3o para Doen\u00e7as Cr\u00f4nicas por Inqu\u00e9rito Telef\u00f4nico), realizada todos os anos pelo Minist\u00e9rio da Sa\u00fade,&hellip; <\/p>\n","protected":false},"author":1,"featured_media":136674,"comment_status":"closed","ping_status":"closed","sticky":false,"template":"","format":"standard","meta":{"sfsi_plus_gutenberg_text_before_share":"","sfsi_plus_gutenberg_show_text_before_share":"","sfsi_plus_gutenberg_icon_type":"","sfsi_plus_gutenberg_icon_alignemt":"","sfsi_plus_gutenburg_max_per_row":"","footnotes":""},"categories":[16],"tags":[],"class_list":["post-145490","post","type-post","status-publish","format-standard","has-post-thumbnail","hentry","category-saude"],"_links":{"self":[{"href":"https:\/\/www.caririemacao.com\/1\/wp-json\/wp\/v2\/posts\/145490","targetHints":{"allow":["GET"]}}],"collection":[{"href":"https:\/\/www.caririemacao.com\/1\/wp-json\/wp\/v2\/posts"}],"about":[{"href":"https:\/\/www.caririemacao.com\/1\/wp-json\/wp\/v2\/types\/post"}],"author":[{"embeddable":true,"href":"https:\/\/www.caririemacao.com\/1\/wp-json\/wp\/v2\/users\/1"}],"replies":[{"embeddable":true,"href":"https:\/\/www.caririemacao.com\/1\/wp-json\/wp\/v2\/comments?post=145490"}],"version-history":[{"count":1,"href":"https:\/\/www.caririemacao.com\/1\/wp-json\/wp\/v2\/posts\/145490\/revisions"}],"predecessor-version":[{"id":145491,"href":"https:\/\/www.caririemacao.com\/1\/wp-json\/wp\/v2\/posts\/145490\/revisions\/145491"}],"wp:featuredmedia":[{"embeddable":true,"href":"https:\/\/www.caririemacao.com\/1\/wp-json\/wp\/v2\/media\/136674"}],"wp:attachment":[{"href":"https:\/\/www.caririemacao.com\/1\/wp-json\/wp\/v2\/media?parent=145490"}],"wp:term":[{"taxonomy":"category","embeddable":true,"href":"https:\/\/www.caririemacao.com\/1\/wp-json\/wp\/v2\/categories?post=145490"},{"taxonomy":"post_tag","embeddable":true,"href":"https:\/\/www.caririemacao.com\/1\/wp-json\/wp\/v2\/tags?post=145490"}],"curies":[{"name":"wp","href":"https:\/\/api.w.org\/{rel}","templated":true}]}}