{"id":145494,"date":"2020-01-09T10:16:13","date_gmt":"2020-01-09T13:16:13","guid":{"rendered":"http:\/\/www.caririemacao.com\/1\/?p=145494"},"modified":"2020-01-09T10:16:13","modified_gmt":"2020-01-09T13:16:13","slug":"producao-industrial-recua-12-de-outubro-para-novembro","status":"publish","type":"post","link":"https:\/\/www.caririemacao.com\/1\/2020\/01\/09\/producao-industrial-recua-12-de-outubro-para-novembro\/","title":{"rendered":"Produ\u00e7\u00e3o industrial recua 1,2% de outubro para novembro"},"content":{"rendered":"\n<p>A produ\u00e7\u00e3o industrial brasileira teve queda de 1,2% na passagem de outubro para novembro de 2019. O recuo interrompe tr\u00eas meses de crescimento e elimina parte da alta de 2,2% acumulada entre agosto e outubro daquele ano. De setembro para outubro, a ind\u00fastria havia crescido 0,8%. Os dados s\u00e3o da Pesquisa Industrial Mensal, divulgada&nbsp;hoje&nbsp;(9) pelo Instituto Brasileiro de Geografia e Estat\u00edstica (IBGE).<\/p>\n\n\n\n<p>Segundo a pesquisa, a produ\u00e7\u00e3o caiu 1,7% na compara\u00e7\u00e3o com novembro de 2018, 1,1% no acumulado dos 11 primeiros meses de 2019 e 1,3% no acumulado de 12 meses. Na m\u00e9dia m\u00f3vel trimestral, a queda foi 0,1%.<\/p>\n\n\n\n<p>De outubro para novembro, as quatro grandes categorias econ\u00f4micas da ind\u00fastria tiveram queda: bens de consumo dur\u00e1veis (-2,4%), bens de consumo semi e n\u00e3o dur\u00e1veis (-0,5%), bens de capital, isto \u00e9, m\u00e1quinas e equipamentos usados no setor produtivo (-1,3%), e bens intermedi\u00e1rios, isto \u00e9, insumos industrializados usados no setor produtivo (-1,5%).<\/p>\n\n\n\n<p>Dezesseis das 26 atividades industriais pesquisadas tiveram queda na produ\u00e7\u00e3o, com destaque para produtos aliment\u00edcios (-3,3%), ve\u00edculos automotores (-4,4%), ind\u00fastrias extrativas (-1,7%), outros produtos qu\u00edmicos (-1,5%) e m\u00e1quinas e equipamentos (-1,6%).<\/p>\n\n\n\n<p>Por outro lado, dez atividades tiveram alta e evitaram um desempenho mais negativo da ind\u00fastria, com destaque para produtos derivados de petr\u00f3leo e biocombust\u00edveis (1,6%), impress\u00e3o e produ\u00e7\u00e3o de grava\u00e7\u00f5es (24%) e produtos de borracha e material pl\u00e1stico (2,5%).<\/p>\n","protected":false},"excerpt":{"rendered":"<p>A produ\u00e7\u00e3o industrial brasileira teve queda de 1,2% na passagem de outubro para novembro de 2019. O recuo interrompe tr\u00eas meses de crescimento e elimina&hellip; <\/p>\n","protected":false},"author":1,"featured_media":145495,"comment_status":"closed","ping_status":"closed","sticky":false,"template":"","format":"standard","meta":{"sfsi_plus_gutenberg_text_before_share":"","sfsi_plus_gutenberg_show_text_before_share":"","sfsi_plus_gutenberg_icon_type":"","sfsi_plus_gutenberg_icon_alignemt":"","sfsi_plus_gutenburg_max_per_row":"","footnotes":""},"categories":[2],"tags":[],"class_list":["post-145494","post","type-post","status-publish","format-standard","has-post-thumbnail","hentry","category-geral"],"_links":{"self":[{"href":"https:\/\/www.caririemacao.com\/1\/wp-json\/wp\/v2\/posts\/145494","targetHints":{"allow":["GET"]}}],"collection":[{"href":"https:\/\/www.caririemacao.com\/1\/wp-json\/wp\/v2\/posts"}],"about":[{"href":"https:\/\/www.caririemacao.com\/1\/wp-json\/wp\/v2\/types\/post"}],"author":[{"embeddable":true,"href":"https:\/\/www.caririemacao.com\/1\/wp-json\/wp\/v2\/users\/1"}],"replies":[{"embeddable":true,"href":"https:\/\/www.caririemacao.com\/1\/wp-json\/wp\/v2\/comments?post=145494"}],"version-history":[{"count":1,"href":"https:\/\/www.caririemacao.com\/1\/wp-json\/wp\/v2\/posts\/145494\/revisions"}],"predecessor-version":[{"id":145496,"href":"https:\/\/www.caririemacao.com\/1\/wp-json\/wp\/v2\/posts\/145494\/revisions\/145496"}],"wp:featuredmedia":[{"embeddable":true,"href":"https:\/\/www.caririemacao.com\/1\/wp-json\/wp\/v2\/media\/145495"}],"wp:attachment":[{"href":"https:\/\/www.caririemacao.com\/1\/wp-json\/wp\/v2\/media?parent=145494"}],"wp:term":[{"taxonomy":"category","embeddable":true,"href":"https:\/\/www.caririemacao.com\/1\/wp-json\/wp\/v2\/categories?post=145494"},{"taxonomy":"post_tag","embeddable":true,"href":"https:\/\/www.caririemacao.com\/1\/wp-json\/wp\/v2\/tags?post=145494"}],"curies":[{"name":"wp","href":"https:\/\/api.w.org\/{rel}","templated":true}]}}