{"id":145498,"date":"2020-01-09T10:19:28","date_gmt":"2020-01-09T13:19:28","guid":{"rendered":"http:\/\/www.caririemacao.com\/1\/?p=145498"},"modified":"2020-01-09T10:19:28","modified_gmt":"2020-01-09T13:19:28","slug":"ministerio-recebe-ate-amanha-sugestoes-sobre-cuidados-para-avc","status":"publish","type":"post","link":"https:\/\/www.caririemacao.com\/1\/2020\/01\/09\/ministerio-recebe-ate-amanha-sugestoes-sobre-cuidados-para-avc\/","title":{"rendered":"Minist\u00e9rio recebe at\u00e9 amanh\u00e3 sugest\u00f5es sobre cuidados para AVC"},"content":{"rendered":"\n<p> O Minist\u00e9rio da Sa\u00fade recebe, at\u00e9 amanh\u00e3 (10), sugest\u00f5es sobre a Linha de Cuidado do Adulto com Acidente Vascular Cerebral (AVC). A publica\u00e7\u00e3o \u00e9 voltada para pacientes, profissionais de sa\u00fade e gestores do Sistema \u00danico de Sa\u00fade (SUS) e re\u00fane todas as informa\u00e7\u00f5es relacionadas \u00e0 doen\u00e7a, popularmente conhecida como derrame.Os coment\u00e1rios e sugest\u00f5es podem ser enviados por meio de\u00a0<a href=\"https:\/\/docs.google.com\/forms\/d\/e\/1FAIpQLScG-B5Zdhkq4M46dGGjSo1Xs-6VV-kk9P-E701Lu5WJ23SGTA\/viewform\">formul\u00e1rio espec\u00edfico<\/a>\u00a0disponibilizado no portal do Minist\u00e9rio da Sa\u00fade. O documento apresenta, por exemplo, quais s\u00e3o os sinais e sintomas do AVC, quais servi\u00e7os de sa\u00fade o cidad\u00e3o deve procurar, o protocolo m\u00e9dico que deve ser seguido, incluindo os medicamentos que devem ser administrados e como a rede em sa\u00fade deve estar organizada.De acordo com o minist\u00e9rio, esta \u00e9 a primeira linha de cuidados, do total de 22, a ser elaborada nos pr\u00f3ximos dois anos sobre as doen\u00e7as mais prevalentes na popula\u00e7\u00e3o e que causam mais mortes. Os temas dos pr\u00f3ximos documentos s\u00e3o hipertens\u00e3o arterial sist\u00eamica, diabetes mellitus, obesidade, doen\u00e7a renal cr\u00f4nica, tabagismo, \u00e1lcool, depress\u00e3o (risco de suic\u00eddio no adulto), ansiedade, insufici\u00eancia card\u00edaca, dor tor\u00e1cica (diagn\u00f3stico diferencial da cardiopatia isqu\u00eamica), pr\u00e9-natal, puericultura, asma (no adulto e na crian\u00e7a), doen\u00e7a pulmonar obstrutiva cr\u00f4nica, tuberculose, hepatites virais, HIV\/Aids, dem\u00eancia, lombalgia, c\u00e2ncer de colo de \u00fatero e c\u00e2ncer de mama.O AVC est\u00e1 em segundo lugar entre as principais causas de morte no Brasil, atr\u00e1s apenas dos \u00f3bitos por doen\u00e7as card\u00edacas isqu\u00eamicas. De acordo com o Minist\u00e9rio da Sa\u00fade, em 2017 foram registrados 101,1 mil \u00f3bitos pela doen\u00e7a.O AVC ocorre quando os vasos que levam sangue ao c\u00e9rebro entopem ou se rompem, interrompendo a circula\u00e7\u00e3o sangu\u00ednea. Quanto mais r\u00e1pido o diagn\u00f3stico e tratamento, maiores ser\u00e3o as chances de recupera\u00e7\u00e3o. Os principais sintomas s\u00e3o fraqueza ou formigamento no rosto, bra\u00e7o ou perna, confus\u00e3o mental, altera\u00e7\u00f5es na fala, vis\u00e3o e equil\u00edbrio e dor de cabe\u00e7a s\u00fabita e intensa.Mecanismo de participa\u00e7\u00e3o social aberto aos interessados, a consulta p\u00fablica permite que a popula\u00e7\u00e3o participe da discuss\u00e3o sobre futuros atos normativos ou temas de interesse social antes da tomada de decis\u00f5es administrativas. Manifesta\u00e7\u00f5es relevantes recebidas por escrito costumam ser levadas em considera\u00e7\u00e3o durante o debate em torno de temas que afetam o dia a dia dos cidad\u00e3os.<\/p>\n","protected":false},"excerpt":{"rendered":"<p>O Minist\u00e9rio da Sa\u00fade recebe, at\u00e9 amanh\u00e3 (10), sugest\u00f5es sobre a Linha de Cuidado do Adulto com Acidente Vascular Cerebral (AVC). A publica\u00e7\u00e3o \u00e9 voltada&hellip; <\/p>\n","protected":false},"author":1,"featured_media":89196,"comment_status":"closed","ping_status":"closed","sticky":false,"template":"","format":"standard","meta":{"sfsi_plus_gutenberg_text_before_share":"","sfsi_plus_gutenberg_show_text_before_share":"","sfsi_plus_gutenberg_icon_type":"","sfsi_plus_gutenberg_icon_alignemt":"","sfsi_plus_gutenburg_max_per_row":"","footnotes":""},"categories":[16],"tags":[],"class_list":["post-145498","post","type-post","status-publish","format-standard","has-post-thumbnail","hentry","category-saude"],"_links":{"self":[{"href":"https:\/\/www.caririemacao.com\/1\/wp-json\/wp\/v2\/posts\/145498","targetHints":{"allow":["GET"]}}],"collection":[{"href":"https:\/\/www.caririemacao.com\/1\/wp-json\/wp\/v2\/posts"}],"about":[{"href":"https:\/\/www.caririemacao.com\/1\/wp-json\/wp\/v2\/types\/post"}],"author":[{"embeddable":true,"href":"https:\/\/www.caririemacao.com\/1\/wp-json\/wp\/v2\/users\/1"}],"replies":[{"embeddable":true,"href":"https:\/\/www.caririemacao.com\/1\/wp-json\/wp\/v2\/comments?post=145498"}],"version-history":[{"count":1,"href":"https:\/\/www.caririemacao.com\/1\/wp-json\/wp\/v2\/posts\/145498\/revisions"}],"predecessor-version":[{"id":145499,"href":"https:\/\/www.caririemacao.com\/1\/wp-json\/wp\/v2\/posts\/145498\/revisions\/145499"}],"wp:featuredmedia":[{"embeddable":true,"href":"https:\/\/www.caririemacao.com\/1\/wp-json\/wp\/v2\/media\/89196"}],"wp:attachment":[{"href":"https:\/\/www.caririemacao.com\/1\/wp-json\/wp\/v2\/media?parent=145498"}],"wp:term":[{"taxonomy":"category","embeddable":true,"href":"https:\/\/www.caririemacao.com\/1\/wp-json\/wp\/v2\/categories?post=145498"},{"taxonomy":"post_tag","embeddable":true,"href":"https:\/\/www.caririemacao.com\/1\/wp-json\/wp\/v2\/tags?post=145498"}],"curies":[{"name":"wp","href":"https:\/\/api.w.org\/{rel}","templated":true}]}}