{"id":145505,"date":"2020-01-09T10:24:21","date_gmt":"2020-01-09T13:24:21","guid":{"rendered":"http:\/\/www.caririemacao.com\/1\/?p=145505"},"modified":"2020-01-09T10:24:21","modified_gmt":"2020-01-09T13:24:21","slug":"ong-alerta-que-morre-uma-crianca-por-dia-no-nordeste-da-siria","status":"publish","type":"post","link":"https:\/\/www.caririemacao.com\/1\/2020\/01\/09\/ong-alerta-que-morre-uma-crianca-por-dia-no-nordeste-da-siria\/","title":{"rendered":"ONG alerta que morre uma crian\u00e7a por dia no Nordeste da S\u00edria"},"content":{"rendered":"\n<p> A organiza\u00e7\u00e3o n\u00e3o governamental (ONG) Save the Children alertou hoje (9), em comunicado, que &#8220;morre uma crian\u00e7a por dia&#8221; na prov\u00edncia s\u00edria de Idlib, devido \u00e0 ofensiva governamental contra o \u00faltimo reduto de &#8220;insurg\u00eancia&#8221;.&#8221;De 20 de dezembro de 2019 a 7 de janeiro, 36 crian\u00e7as em Idlib foram assassinadas, segundo dados do grupo Hurras, associado da Save the Children, incluindo nove crian\u00e7as na primeira semana de 2020&#8243;, informa a organiza\u00e7\u00e3o.&#8221;Uma crian\u00e7a assassinada por dia n\u00e3o \u00e9 aceit\u00e1vel&#8221;, afirma S\u00f3nia Khush, da dire\u00e7\u00e3o da Save the Children para a S\u00edria, acrescentando que os &#8220;n\u00fameros s\u00e3o provis\u00f3rios&#8221; e podem aumentar.De acordo com a ONG, quase 300 mil pessoas foram obrigadas a abandonar os locais de resid\u00eancia, sendo que muitas \u00e1reas ficaram vazias.&#8221;Milhares de fam\u00edlias come\u00e7aram o ano novo tentando desesperadamente fugir da viol\u00eancia. Fogem sem destino, apenas com aquilo que conseguem levar e, para muitos, n\u00e3o \u00e9 a primeira vez que t\u00eam de escapar&#8221;, diz a nota.A Save the Children avisa que as baixas temperaturas e o clima \u00famido do inverno aumentam as necessidades b\u00e1sicas das crian\u00e7as e das fam\u00edlias mais vulner\u00e1veis.&#8221;Centenas de pessoas dormem nas ruas de Idlib (Noroeste da S\u00edria) e n\u00e3o t\u00eam um lugar para onde ir, depois de os bombardeios terem provocado a fuga em massa da popula\u00e7\u00e3o da cidade de Maarat Al Nauman e das \u00e1reas pr\u00f3ximas&#8221;, indica ainda o comunicado.Maarat al Numan \u00e9 o pr\u00f3ximo objetivo das tropas s\u00edrias, apoiadas pelas for\u00e7as da R\u00fassia, no combate \u00e0s &#8220;fa\u00e7\u00f5es insurgentes&#8221; que se mant\u00eam na cidade.Idlib &#8211; praticamente dominada pela Organiza\u00e7\u00e3o de Liberta\u00e7\u00e3o do Levante, alian\u00e7a isl\u00e2mica que integra os antigos membros da Al Qaeda &#8211; \u00e9 o principal objetivo militar de Damasco e Moscou na campanha que come\u00e7ou em abril de 2019.<em>*Emissora p\u00fablica de televis\u00e3o de Portugal<\/em><\/p>\n","protected":false},"excerpt":{"rendered":"<p>A organiza\u00e7\u00e3o n\u00e3o governamental (ONG) Save the Children alertou hoje (9), em comunicado, que &#8220;morre uma crian\u00e7a por dia&#8221; na prov\u00edncia s\u00edria de Idlib, devido&hellip; <\/p>\n","protected":false},"author":1,"featured_media":142948,"comment_status":"closed","ping_status":"closed","sticky":false,"template":"","format":"standard","meta":{"sfsi_plus_gutenberg_text_before_share":"","sfsi_plus_gutenberg_show_text_before_share":"","sfsi_plus_gutenberg_icon_type":"","sfsi_plus_gutenberg_icon_alignemt":"","sfsi_plus_gutenburg_max_per_row":"","footnotes":""},"categories":[2],"tags":[],"class_list":["post-145505","post","type-post","status-publish","format-standard","has-post-thumbnail","hentry","category-geral"],"_links":{"self":[{"href":"https:\/\/www.caririemacao.com\/1\/wp-json\/wp\/v2\/posts\/145505","targetHints":{"allow":["GET"]}}],"collection":[{"href":"https:\/\/www.caririemacao.com\/1\/wp-json\/wp\/v2\/posts"}],"about":[{"href":"https:\/\/www.caririemacao.com\/1\/wp-json\/wp\/v2\/types\/post"}],"author":[{"embeddable":true,"href":"https:\/\/www.caririemacao.com\/1\/wp-json\/wp\/v2\/users\/1"}],"replies":[{"embeddable":true,"href":"https:\/\/www.caririemacao.com\/1\/wp-json\/wp\/v2\/comments?post=145505"}],"version-history":[{"count":1,"href":"https:\/\/www.caririemacao.com\/1\/wp-json\/wp\/v2\/posts\/145505\/revisions"}],"predecessor-version":[{"id":145506,"href":"https:\/\/www.caririemacao.com\/1\/wp-json\/wp\/v2\/posts\/145505\/revisions\/145506"}],"wp:featuredmedia":[{"embeddable":true,"href":"https:\/\/www.caririemacao.com\/1\/wp-json\/wp\/v2\/media\/142948"}],"wp:attachment":[{"href":"https:\/\/www.caririemacao.com\/1\/wp-json\/wp\/v2\/media?parent=145505"}],"wp:term":[{"taxonomy":"category","embeddable":true,"href":"https:\/\/www.caririemacao.com\/1\/wp-json\/wp\/v2\/categories?post=145505"},{"taxonomy":"post_tag","embeddable":true,"href":"https:\/\/www.caririemacao.com\/1\/wp-json\/wp\/v2\/tags?post=145505"}],"curies":[{"name":"wp","href":"https:\/\/api.w.org\/{rel}","templated":true}]}}