{"id":145509,"date":"2020-01-09T11:51:40","date_gmt":"2020-01-09T14:51:40","guid":{"rendered":"http:\/\/www.caririemacao.com\/1\/?p=145509"},"modified":"2020-01-09T11:51:40","modified_gmt":"2020-01-09T14:51:40","slug":"chove-forte-no-cariri-e-rios-taperoa-e-paraiba-produzem-grandes-enchentes-veja-a-milimetragem-caida-na-regiao","status":"publish","type":"post","link":"https:\/\/www.caririemacao.com\/1\/2020\/01\/09\/chove-forte-no-cariri-e-rios-taperoa-e-paraiba-produzem-grandes-enchentes-veja-a-milimetragem-caida-na-regiao\/","title":{"rendered":"Chove forte no Cariri e rios Tapero\u00e1 e Para\u00edba produzem grandes enchentes; VEJA A MILIMETRAGEM CA\u00cdDA NA REGI\u00c3O"},"content":{"rendered":"\n<p>Os caririzeiros est\u00e3o com um motivo a mais para comemorar neste in\u00edcio de ano de 2020. O inverno, que teoricamente ainda n\u00e3o chegou, j\u00e1 d\u00e1 sinais de que vir\u00e1 forte a observar as chuvas de janeiro que caem na regi\u00e3o.<\/p>\n\n\n\n<p>Na \u00faltima ter\u00e7a-feira (08), as chuvas chegaram com boa intensidade, tendo j\u00e1 provocado a primeira enchente do ano no Rio Tapero\u00e1, na altura do munic\u00edpio de S\u00e3o Jo\u00e3o do Cariri. Nesta quarta (09), as precipita\u00e7\u00f5es vieram com ainda mais for\u00e7a e choveu muito em quase todos os munic\u00edpios da regi\u00e3o.<\/p>\n\n\n\n<div class=\"wp-block-image\"><figure class=\"alignright\"><img decoding=\"async\" data-src=\"http:\/\/deolhonocariri.com.br\/wp-content\/uploads\/2020\/01\/81559119_834697280283762_1384719047030996992_n.jpg\" alt=\"\" class=\"wp-image-76248 lazyload\" src=\"data:image\/svg+xml;base64,PHN2ZyB3aWR0aD0iMSIgaGVpZ2h0PSIxIiB4bWxucz0iaHR0cDovL3d3dy53My5vcmcvMjAwMC9zdmciPjwvc3ZnPg==\" \/><\/figure><\/div>\n\n\n\n<p>As chuvas vieram acompanhadas de trov\u00f5es e rel\u00e2mpagos, causando at\u00e9 pequenas quedas de energia. Em Santo Andr\u00e9, moradores se assustaram com a for\u00e7a da \u00e1gua que vinha pelos rios e riachos e com o rompimento na estrada PB 202, que liga o munic\u00edpio a Parari. A rodovia se partiu ao meio em v\u00e1rias localidades diferentes e est\u00e1 completamente intransit\u00e1vel.<\/p>\n\n\n\n<p>De acordo com dados da AESA\/PB, a cidade paraibana em que mais choveu foi Santo Andr\u00e9, com um registro de 154,5mm na zona urbana precipita\u00e7\u00f5es ainda maiores na zona rural (180mm). Em S\u00e3o Jo\u00e3o do Cariri choveu 139 mil\u00edmetros. Em Juazeirinho o \u00edndice chegou a 58,5 mm. Em Serra Branca choveu 51,2 mm. Em S\u00e3o Jo\u00e3o do Tigre 42,3. Soledade e Assun\u00e7\u00e3o registraram pouco mais de 28 mm, e Camala\u00fa 11,1 mm.<\/p>\n\n\n\n<p>A AESA prev\u00ea mais chuvas para a regi\u00e3o do Cariri entre a tarde e noite desta quinta-feira (09).<\/p>\n\n\n\n<p><strong>CONFIRA A MILIMETRAGEM DE CIDADES DO CARIRI EM DADOS FORNECIDOS PELA EMPAER:<\/strong><\/p>\n\n\n\n<p>Amparo: 38,7 mm<\/p>\n\n\n\n<p>Assun\u00e7\u00e3o: 28,1 mm<\/p>\n\n\n\n<p>Camala\u00fa: 11,1 mm<\/p>\n\n\n\n<p>Coxixola: 68,6 mm<\/p>\n\n\n\n<p>Livramento: 38,2 mm<\/p>\n\n\n\n<p>Monteiro: 0,9 mm<\/p>\n\n\n\n<p>Ouro Velho: 1,0 mm<\/p>\n\n\n\n<p>Santo Andr\u00e9: 154,5 mm<\/p>\n\n\n\n<p>S\u00e3o Jos\u00e9 dos Cordeiros: 42,1 mm<\/p>\n\n\n\n<p>S\u00e3o Jo\u00e3o do Tigre: 42,3 mm<\/p>\n\n\n\n<p>S\u00e3o Jo\u00e3o do Cariri: 139,4 mm<\/p>\n\n\n\n<p>S\u00e3o Sebasti\u00e3o do Umbuzeiro: 2,3 mm<\/p>\n\n\n\n<p>Serra Branca: 51,2 mm<\/p>\n\n\n\n<p>Sum\u00e9: 24,4 mm<\/p>\n\n\n\n<p>Tapero\u00e1: 46,0 mm<\/p>\n\n\n\n<p>Zabel\u00ea: 6,5 mm<\/p>\n\n\n\n<p><strong>De Olho no Cariri<\/strong><\/p>\n","protected":false},"excerpt":{"rendered":"<p>Os caririzeiros est\u00e3o com um motivo a mais para comemorar neste in\u00edcio de ano de 2020. O inverno, que teoricamente ainda n\u00e3o chegou, j\u00e1 d\u00e1&hellip; <\/p>\n","protected":false},"author":1,"featured_media":145510,"comment_status":"closed","ping_status":"closed","sticky":false,"template":"","format":"standard","meta":{"sfsi_plus_gutenberg_text_before_share":"","sfsi_plus_gutenberg_show_text_before_share":"","sfsi_plus_gutenberg_icon_type":"","sfsi_plus_gutenberg_icon_alignemt":"","sfsi_plus_gutenburg_max_per_row":"","footnotes":""},"categories":[6,50],"tags":[],"class_list":["post-145509","post","type-post","status-publish","format-standard","has-post-thumbnail","hentry","category-cidades","category-destaque"],"_links":{"self":[{"href":"https:\/\/www.caririemacao.com\/1\/wp-json\/wp\/v2\/posts\/145509","targetHints":{"allow":["GET"]}}],"collection":[{"href":"https:\/\/www.caririemacao.com\/1\/wp-json\/wp\/v2\/posts"}],"about":[{"href":"https:\/\/www.caririemacao.com\/1\/wp-json\/wp\/v2\/types\/post"}],"author":[{"embeddable":true,"href":"https:\/\/www.caririemacao.com\/1\/wp-json\/wp\/v2\/users\/1"}],"replies":[{"embeddable":true,"href":"https:\/\/www.caririemacao.com\/1\/wp-json\/wp\/v2\/comments?post=145509"}],"version-history":[{"count":1,"href":"https:\/\/www.caririemacao.com\/1\/wp-json\/wp\/v2\/posts\/145509\/revisions"}],"predecessor-version":[{"id":145511,"href":"https:\/\/www.caririemacao.com\/1\/wp-json\/wp\/v2\/posts\/145509\/revisions\/145511"}],"wp:featuredmedia":[{"embeddable":true,"href":"https:\/\/www.caririemacao.com\/1\/wp-json\/wp\/v2\/media\/145510"}],"wp:attachment":[{"href":"https:\/\/www.caririemacao.com\/1\/wp-json\/wp\/v2\/media?parent=145509"}],"wp:term":[{"taxonomy":"category","embeddable":true,"href":"https:\/\/www.caririemacao.com\/1\/wp-json\/wp\/v2\/categories?post=145509"},{"taxonomy":"post_tag","embeddable":true,"href":"https:\/\/www.caririemacao.com\/1\/wp-json\/wp\/v2\/tags?post=145509"}],"curies":[{"name":"wp","href":"https:\/\/api.w.org\/{rel}","templated":true}]}}