{"id":145515,"date":"2020-01-09T12:12:26","date_gmt":"2020-01-09T15:12:26","guid":{"rendered":"http:\/\/www.caririemacao.com\/1\/?p=145515"},"modified":"2020-01-09T12:12:26","modified_gmt":"2020-01-09T15:12:26","slug":"pf-prende-ex-senador-suspeito-de-mediar-caixa-2-para-atual-governador","status":"publish","type":"post","link":"https:\/\/www.caririemacao.com\/1\/2020\/01\/09\/pf-prende-ex-senador-suspeito-de-mediar-caixa-2-para-atual-governador\/","title":{"rendered":"PF prende ex-senador suspeito de mediar caixa 2 para atual governador"},"content":{"rendered":"\n<p><br>APol\u00edcia Federal (PF) prendeu nesta quinta-feira (9) o ex-senador Luiz Ot\u00e1vio Campos (MDB-PA). Ele \u00e9 suspeito de ter mediado o pagamento de R$ 1,5 milh\u00e3o de caixa dois de campanha entre a Odebrecht e o ent\u00e3o candidato ao governo do Par\u00e1 em 2014 Helder Barbalho (MDB), atual governador do estado.<\/p>\n\n\n\n<p>Segundo a Pol\u00edcia Federal, a opera\u00e7\u00e3o deflagrada nesta manh\u00e3, chamada de Fora de Caixa, \u00e9 um desdobramento da&nbsp;Lava Jato&nbsp;e tamb\u00e9m tem outros alvos. Mais um mandado de pris\u00e3o preventiva est\u00e1 sendo cumprido em Palmas, no Tocantins, e seis mandados de busca e apreens\u00e3o est\u00e3o sendo executados em Bel\u00e9m do Par\u00e1, em Palmas e em Bras\u00edlia.<\/p>\n\n\n\n<figure class=\"wp-block-image\"><img decoding=\"async\" data-src=\"https:\/\/paraibaonline.com.br\/wp-content\/uploads\/2018\/12\/pf1112b.jpg\" alt=\"Marcelo Camargo\/Ag\u00eancia Brasil\" class=\"wp-image-536659 lazyload\" src=\"data:image\/svg+xml;base64,PHN2ZyB3aWR0aD0iMSIgaGVpZ2h0PSIxIiB4bWxucz0iaHR0cDovL3d3dy53My5vcmcvMjAwMC9zdmciPjwvc3ZnPg==\" \/><\/figure>\n\n\n\n<p>Foto: Marcelo Camargo\/Ag\u00eancia Brasil\/Arquivo<\/p>\n\n\n\n<p>Os mandados de busca e apreens\u00e3o foram expedidos pela 1\u00aa Vara da Justi\u00e7a Eleitoral em Bel\u00e9m do Par\u00e1, mas seus alvos ainda n\u00e3o foram revelados.<\/p>\n\n\n\n<p>J\u00e1 se sabe, contudo, que a Pol\u00edcia Federal chegou a pedir mais um mandado de busca e apreens\u00e3o com a inten\u00e7\u00e3o de fazer buscas na resid\u00eancia de Helder Barbalho. Esse pedido, que atingia o atual governador do Par\u00e1, contudo, foi negado pela Justi\u00e7a Eleitoral.<\/p>\n\n\n\n<p>*Informa\u00e7\u00f5es do site congressoemfoco<\/p>\n","protected":false},"excerpt":{"rendered":"<p>APol\u00edcia Federal (PF) prendeu nesta quinta-feira (9) o ex-senador Luiz Ot\u00e1vio Campos (MDB-PA). Ele \u00e9 suspeito de ter mediado o pagamento de R$ 1,5 milh\u00e3o&hellip; <\/p>\n","protected":false},"author":1,"featured_media":51851,"comment_status":"closed","ping_status":"closed","sticky":false,"template":"","format":"standard","meta":{"sfsi_plus_gutenberg_text_before_share":"","sfsi_plus_gutenberg_show_text_before_share":"","sfsi_plus_gutenberg_icon_type":"","sfsi_plus_gutenberg_icon_alignemt":"","sfsi_plus_gutenburg_max_per_row":"","footnotes":""},"categories":[12],"tags":[],"class_list":["post-145515","post","type-post","status-publish","format-standard","has-post-thumbnail","hentry","category-policia"],"_links":{"self":[{"href":"https:\/\/www.caririemacao.com\/1\/wp-json\/wp\/v2\/posts\/145515","targetHints":{"allow":["GET"]}}],"collection":[{"href":"https:\/\/www.caririemacao.com\/1\/wp-json\/wp\/v2\/posts"}],"about":[{"href":"https:\/\/www.caririemacao.com\/1\/wp-json\/wp\/v2\/types\/post"}],"author":[{"embeddable":true,"href":"https:\/\/www.caririemacao.com\/1\/wp-json\/wp\/v2\/users\/1"}],"replies":[{"embeddable":true,"href":"https:\/\/www.caririemacao.com\/1\/wp-json\/wp\/v2\/comments?post=145515"}],"version-history":[{"count":1,"href":"https:\/\/www.caririemacao.com\/1\/wp-json\/wp\/v2\/posts\/145515\/revisions"}],"predecessor-version":[{"id":145516,"href":"https:\/\/www.caririemacao.com\/1\/wp-json\/wp\/v2\/posts\/145515\/revisions\/145516"}],"wp:featuredmedia":[{"embeddable":true,"href":"https:\/\/www.caririemacao.com\/1\/wp-json\/wp\/v2\/media\/51851"}],"wp:attachment":[{"href":"https:\/\/www.caririemacao.com\/1\/wp-json\/wp\/v2\/media?parent=145515"}],"wp:term":[{"taxonomy":"category","embeddable":true,"href":"https:\/\/www.caririemacao.com\/1\/wp-json\/wp\/v2\/categories?post=145515"},{"taxonomy":"post_tag","embeddable":true,"href":"https:\/\/www.caririemacao.com\/1\/wp-json\/wp\/v2\/tags?post=145515"}],"curies":[{"name":"wp","href":"https:\/\/api.w.org\/{rel}","templated":true}]}}