{"id":145523,"date":"2020-01-09T12:17:37","date_gmt":"2020-01-09T15:17:37","guid":{"rendered":"http:\/\/www.caririemacao.com\/1\/?p=145523"},"modified":"2020-01-09T12:17:37","modified_gmt":"2020-01-09T15:17:37","slug":"prefeitura-de-pedra-lavrada-anuncia-banca-e-abertura-de-inscricoes-para-concurso-publico","status":"publish","type":"post","link":"https:\/\/www.caririemacao.com\/1\/2020\/01\/09\/prefeitura-de-pedra-lavrada-anuncia-banca-e-abertura-de-inscricoes-para-concurso-publico\/","title":{"rendered":"Prefeitura de Pedra Lavrada anuncia banca e abertura de inscri\u00e7\u00f5es para concurso p\u00fablico"},"content":{"rendered":"\n<p>Ser\u00e3o abertas nesta sexta-feira (10) as inscri\u00e7\u00f5es para o concurso da Prefeitura de Pedra Lavrada, por meio do site da banca organizadora Contemax (<a href=\"http:\/\/www.contemaxconsultoria.com.br\/\">http:\/\/www.contemaxconsultoria.com.br<\/a>).&nbsp;<\/p>\n\n\n\n<p>O aviso de edital foi publicado no Di\u00e1rio Oficial do Estado desta quinta-feira (9). As inscri\u00e7\u00f5es seguem at\u00e9 o dia 10 de fevereiro.&nbsp;<\/p>\n\n\n\n<p>O edital completo ainda n\u00e3o foi divulgado, mas j\u00e1 se sabe que h\u00e1 vagas para os cargos de: Agente Administrativo, Assistente Social, Auxiliar de Servi\u00e7os, Condutor de Ve\u00edculo de Urg\u00eancia, Enfermeiro, Lavadeira, Motorista, Odont\u00f3logo, Operador de M\u00e1quinas, Procurador Jur\u00eddico, Professor de L\u00edngua Portuguesa, Psic\u00f3logo, Psic\u00f3logo Educacional, T\u00e9cnico em Enfermagem e Vigilante.<\/p>\n\n\n\n<figure class=\"wp-block-image\"><img decoding=\"async\" data-src=\"https:\/\/www.clickpb.com.br\/media\/filer_public\/d5\/81\/d581895b-14ff-45ae-a1e7-c2015dcc85cb\/abertura_concurso_pedra_lavrada.jpg\" alt=\"\" src=\"data:image\/svg+xml;base64,PHN2ZyB3aWR0aD0iMSIgaGVpZ2h0PSIxIiB4bWxucz0iaHR0cDovL3d3dy53My5vcmcvMjAwMC9zdmciPjwvc3ZnPg==\" class=\"lazyload\" \/><\/figure>\n","protected":false},"excerpt":{"rendered":"<p>Ser\u00e3o abertas nesta sexta-feira (10) as inscri\u00e7\u00f5es para o concurso da Prefeitura de Pedra Lavrada, por meio do site da banca organizadora Contemax (http:\/\/www.contemaxconsultoria.com.br).&nbsp; O&hellip; <\/p>\n","protected":false},"author":1,"featured_media":98294,"comment_status":"closed","ping_status":"closed","sticky":false,"template":"","format":"standard","meta":{"sfsi_plus_gutenberg_text_before_share":"","sfsi_plus_gutenberg_show_text_before_share":"","sfsi_plus_gutenberg_icon_type":"","sfsi_plus_gutenberg_icon_alignemt":"","sfsi_plus_gutenburg_max_per_row":"","footnotes":""},"categories":[6],"tags":[],"class_list":["post-145523","post","type-post","status-publish","format-standard","has-post-thumbnail","hentry","category-cidades"],"_links":{"self":[{"href":"https:\/\/www.caririemacao.com\/1\/wp-json\/wp\/v2\/posts\/145523","targetHints":{"allow":["GET"]}}],"collection":[{"href":"https:\/\/www.caririemacao.com\/1\/wp-json\/wp\/v2\/posts"}],"about":[{"href":"https:\/\/www.caririemacao.com\/1\/wp-json\/wp\/v2\/types\/post"}],"author":[{"embeddable":true,"href":"https:\/\/www.caririemacao.com\/1\/wp-json\/wp\/v2\/users\/1"}],"replies":[{"embeddable":true,"href":"https:\/\/www.caririemacao.com\/1\/wp-json\/wp\/v2\/comments?post=145523"}],"version-history":[{"count":1,"href":"https:\/\/www.caririemacao.com\/1\/wp-json\/wp\/v2\/posts\/145523\/revisions"}],"predecessor-version":[{"id":145524,"href":"https:\/\/www.caririemacao.com\/1\/wp-json\/wp\/v2\/posts\/145523\/revisions\/145524"}],"wp:featuredmedia":[{"embeddable":true,"href":"https:\/\/www.caririemacao.com\/1\/wp-json\/wp\/v2\/media\/98294"}],"wp:attachment":[{"href":"https:\/\/www.caririemacao.com\/1\/wp-json\/wp\/v2\/media?parent=145523"}],"wp:term":[{"taxonomy":"category","embeddable":true,"href":"https:\/\/www.caririemacao.com\/1\/wp-json\/wp\/v2\/categories?post=145523"},{"taxonomy":"post_tag","embeddable":true,"href":"https:\/\/www.caririemacao.com\/1\/wp-json\/wp\/v2\/tags?post=145523"}],"curies":[{"name":"wp","href":"https:\/\/api.w.org\/{rel}","templated":true}]}}