{"id":145527,"date":"2020-01-09T12:32:30","date_gmt":"2020-01-09T15:32:30","guid":{"rendered":"http:\/\/www.caririemacao.com\/1\/?p=145527"},"modified":"2020-01-09T12:32:30","modified_gmt":"2020-01-09T15:32:30","slug":"toffoli-reve-propria-decisao-e-restabelece-valor-mais-baixo-do-dpvat","status":"publish","type":"post","link":"https:\/\/www.caririemacao.com\/1\/2020\/01\/09\/toffoli-reve-propria-decisao-e-restabelece-valor-mais-baixo-do-dpvat\/","title":{"rendered":"Toffoli rev\u00ea pr\u00f3pria decis\u00e3o e restabelece valor mais baixo do DPVAT"},"content":{"rendered":"\n<p>O presidente do Supremo Tribunal Federal, ministro Dias Toffoli, atendeu a um pedido da Uni\u00e3o e restabeleceu nesta quinta-feira (9) a redu\u00e7\u00e3o de valores do seguro obrigat\u00f3rio DPVAT, prevista pelo CNSP (Conselho Nacional de Seguros Privados), ligado ao Minist\u00e9rio da Economia.<\/p>\n\n\n\n<p>Toffoli reconsiderou uma decis\u00e3o liminar (provis\u00f3ria) sua, do \u00faltimo dia 31, que havia suspendido a resolu\u00e7\u00e3o do conselho. Com isso, o valor do seguro passa a ser de R$ 5,21 para carros de passeio e t\u00e1xis e R$ 12,25 para motos, uma queda de 68% e 86%, respectivamente, em rela\u00e7\u00e3o a 2019.<\/p>\n\n\n\n<p>O valor praticado no ano passado foi de R$ 16,21 para carros e R$ 84,58 para motos. No pedido de reconsidera\u00e7\u00e3o, a Uni\u00e3o afirmou a Toffoli que n\u00e3o \u00e9 verdade que a redu\u00e7\u00e3o torna invi\u00e1vel o DPVAT, como alegara a seguradora L\u00edder, cons\u00f3rcio de empresas que administra o seguro obrigat\u00f3rio.<\/p>\n\n\n\n<p>Segundo a Uni\u00e3o, a L\u00edder omitiu &#8220;a informa\u00e7\u00e3o de que h\u00e1 dispon\u00edvel no fundo administrado pelo cons\u00f3rcio, atualmente, o valor total de R$ 8,9 bilh\u00f5es, raz\u00e3o pela qual, mesmo que o excedente fosse extinto de imediato, ainda haveria recursos suficientes para cobrir as obriga\u00e7\u00f5es do Seguro DPVAT&#8221;.<\/p>\n","protected":false},"excerpt":{"rendered":"<p>O presidente do Supremo Tribunal Federal, ministro Dias Toffoli, atendeu a um pedido da Uni\u00e3o e restabeleceu nesta quinta-feira (9) a redu\u00e7\u00e3o de valores do&hellip; <\/p>\n","protected":false},"author":1,"featured_media":96394,"comment_status":"closed","ping_status":"closed","sticky":false,"template":"","format":"standard","meta":{"sfsi_plus_gutenberg_text_before_share":"","sfsi_plus_gutenberg_show_text_before_share":"","sfsi_plus_gutenberg_icon_type":"","sfsi_plus_gutenberg_icon_alignemt":"","sfsi_plus_gutenburg_max_per_row":"","footnotes":""},"categories":[11],"tags":[],"class_list":["post-145527","post","type-post","status-publish","format-standard","has-post-thumbnail","hentry","category-politica"],"_links":{"self":[{"href":"https:\/\/www.caririemacao.com\/1\/wp-json\/wp\/v2\/posts\/145527","targetHints":{"allow":["GET"]}}],"collection":[{"href":"https:\/\/www.caririemacao.com\/1\/wp-json\/wp\/v2\/posts"}],"about":[{"href":"https:\/\/www.caririemacao.com\/1\/wp-json\/wp\/v2\/types\/post"}],"author":[{"embeddable":true,"href":"https:\/\/www.caririemacao.com\/1\/wp-json\/wp\/v2\/users\/1"}],"replies":[{"embeddable":true,"href":"https:\/\/www.caririemacao.com\/1\/wp-json\/wp\/v2\/comments?post=145527"}],"version-history":[{"count":1,"href":"https:\/\/www.caririemacao.com\/1\/wp-json\/wp\/v2\/posts\/145527\/revisions"}],"predecessor-version":[{"id":145528,"href":"https:\/\/www.caririemacao.com\/1\/wp-json\/wp\/v2\/posts\/145527\/revisions\/145528"}],"wp:featuredmedia":[{"embeddable":true,"href":"https:\/\/www.caririemacao.com\/1\/wp-json\/wp\/v2\/media\/96394"}],"wp:attachment":[{"href":"https:\/\/www.caririemacao.com\/1\/wp-json\/wp\/v2\/media?parent=145527"}],"wp:term":[{"taxonomy":"category","embeddable":true,"href":"https:\/\/www.caririemacao.com\/1\/wp-json\/wp\/v2\/categories?post=145527"},{"taxonomy":"post_tag","embeddable":true,"href":"https:\/\/www.caririemacao.com\/1\/wp-json\/wp\/v2\/tags?post=145527"}],"curies":[{"name":"wp","href":"https:\/\/api.w.org\/{rel}","templated":true}]}}