{"id":145545,"date":"2020-01-09T12:54:39","date_gmt":"2020-01-09T15:54:39","guid":{"rendered":"http:\/\/www.caririemacao.com\/1\/?p=145545"},"modified":"2020-01-09T12:54:39","modified_gmt":"2020-01-09T15:54:39","slug":"coordenador-do-gaeco-na-pb-e-nomeado-para-atuar-na-procuradoria-geral-da-republica","status":"publish","type":"post","link":"https:\/\/www.caririemacao.com\/1\/2020\/01\/09\/coordenador-do-gaeco-na-pb-e-nomeado-para-atuar-na-procuradoria-geral-da-republica\/","title":{"rendered":"Coordenador do Gaeco na PB \u00e9 nomeado para atuar na Procuradoria-Geral da Rep\u00fablica"},"content":{"rendered":"\n<p>A Procuradoria-Geral da Rep\u00fablica (PGR) agora tem um paraibano em um dos cargos estrat\u00e9gicos. O coordenador do Grupo de Atua\u00e7\u00e3o Especial de Combate ao Crime Organizado (Gaeco) na Para\u00edba, Oct\u00e1vio Paulo Neto foi designado para atuar como membro colaborador do Gabinete do procurador-geral Augusto Aras.<\/p>\n\n\n\n<p>Conforme a portaria, ele est\u00e1 atuando junto \u00e0 Secretaria de Per\u00edcia, Pesquisa e An\u00e1lise da PGR. A portaria n\u00ba 1.350, de 20 de dezembro de 2019, destaca que a nomea\u00e7\u00e3o \u00e9 \u201csem preju\u00edzo de suas atribui\u00e7\u00f5es no Minist\u00e9rio P\u00fablico do Estado da Para\u00edba e com \u00f4nus para o \u00d3rg\u00e3o cedente\u201d.<\/p>\n\n\n\n<p>A nomea\u00e7\u00e3o aconteceu tr\u00eas dias ap\u00f3s a deflagra\u00e7\u00e3o da s\u00e9tima fase da Opera\u00e7\u00e3o Calv\u00e1rio, batizada de Ju\u00edzo Final, que decretou a pris\u00e3o do ex-governador Ricardo Coutinho (PSB), da prefeita M\u00e1rcia Lucena (PSB), da deputada estadual Estela Bezerra (PSB), al\u00e9m de outros supostos envolvidos no esquema investigado.<\/p>\n\n\n\n<p>A portaria foi publicada na edi\u00e7\u00e3o do Di\u00e1rio Oficial da Uni\u00e3o do dia 24 de dezembro de 2019.<\/p>\n\n\n\n<p><em>Com informa\u00e7\u00f5es do Blog Donny Silva<\/em><\/p>\n","protected":false},"excerpt":{"rendered":"<p>A Procuradoria-Geral da Rep\u00fablica (PGR) agora tem um paraibano em um dos cargos estrat\u00e9gicos. O coordenador do Grupo de Atua\u00e7\u00e3o Especial de Combate ao Crime&hellip; <\/p>\n","protected":false},"author":1,"featured_media":145546,"comment_status":"closed","ping_status":"closed","sticky":false,"template":"","format":"standard","meta":{"sfsi_plus_gutenberg_text_before_share":"","sfsi_plus_gutenberg_show_text_before_share":"","sfsi_plus_gutenberg_icon_type":"","sfsi_plus_gutenberg_icon_alignemt":"","sfsi_plus_gutenburg_max_per_row":"","footnotes":""},"categories":[11],"tags":[],"class_list":["post-145545","post","type-post","status-publish","format-standard","has-post-thumbnail","hentry","category-politica"],"_links":{"self":[{"href":"https:\/\/www.caririemacao.com\/1\/wp-json\/wp\/v2\/posts\/145545","targetHints":{"allow":["GET"]}}],"collection":[{"href":"https:\/\/www.caririemacao.com\/1\/wp-json\/wp\/v2\/posts"}],"about":[{"href":"https:\/\/www.caririemacao.com\/1\/wp-json\/wp\/v2\/types\/post"}],"author":[{"embeddable":true,"href":"https:\/\/www.caririemacao.com\/1\/wp-json\/wp\/v2\/users\/1"}],"replies":[{"embeddable":true,"href":"https:\/\/www.caririemacao.com\/1\/wp-json\/wp\/v2\/comments?post=145545"}],"version-history":[{"count":1,"href":"https:\/\/www.caririemacao.com\/1\/wp-json\/wp\/v2\/posts\/145545\/revisions"}],"predecessor-version":[{"id":145547,"href":"https:\/\/www.caririemacao.com\/1\/wp-json\/wp\/v2\/posts\/145545\/revisions\/145547"}],"wp:featuredmedia":[{"embeddable":true,"href":"https:\/\/www.caririemacao.com\/1\/wp-json\/wp\/v2\/media\/145546"}],"wp:attachment":[{"href":"https:\/\/www.caririemacao.com\/1\/wp-json\/wp\/v2\/media?parent=145545"}],"wp:term":[{"taxonomy":"category","embeddable":true,"href":"https:\/\/www.caririemacao.com\/1\/wp-json\/wp\/v2\/categories?post=145545"},{"taxonomy":"post_tag","embeddable":true,"href":"https:\/\/www.caririemacao.com\/1\/wp-json\/wp\/v2\/tags?post=145545"}],"curies":[{"name":"wp","href":"https:\/\/api.w.org\/{rel}","templated":true}]}}