{"id":145556,"date":"2020-01-09T12:57:39","date_gmt":"2020-01-09T15:57:39","guid":{"rendered":"http:\/\/www.caririemacao.com\/1\/?p=145556"},"modified":"2020-01-09T12:57:39","modified_gmt":"2020-01-09T15:57:39","slug":"exclusivo-acude-de-boqueirao-ja-recebeu-mais-de-75-milhoes-de-metros-cubicos-de-agua-nesta-quinta-9","status":"publish","type":"post","link":"https:\/\/www.caririemacao.com\/1\/2020\/01\/09\/exclusivo-acude-de-boqueirao-ja-recebeu-mais-de-75-milhoes-de-metros-cubicos-de-agua-nesta-quinta-9\/","title":{"rendered":"Exclusivo: A\u00e7ude de Boqueir\u00e3o j\u00e1 recebeu mais de 75 milh\u00f5es de metros c\u00fabicos de \u00e1gua, nesta quinta (9)"},"content":{"rendered":"\n<p>O&nbsp;<strong>Blog do Bruno Lira<\/strong>&nbsp;acabou de receber os n\u00fameros do volume de \u00e1gua do A\u00e7ude Epit\u00e1cio Pessoa, na cidade de Boqueir\u00e3o, ap\u00f3s fortes chuvas na regi\u00e3o do Cariri.<\/p>\n\n\n\n<p>Os dados foram coletados pelo Departamento Nacional de Obras Contra a Seca (DNOCS) de 06h da manh\u00e3 \u00e0s 12h15. De acordo com informa\u00e7\u00f5es de Evandro Pereira, diretor do DNOCS na cidade, o manancial j\u00e1 possui mais de 75 milh\u00f5es de metros c\u00fabicos at\u00e9 o momento.Evandro informou que \u00e0s 15h ser\u00e1 feita outra medi\u00e7\u00e3o.<\/p>\n\n\n\n<p>O Epit\u00e1cio Pessoa \u00e9 respons\u00e1vel pelo abastecimento de Campina Grande e outras 20 cidades do Cariri e Compartimento da Borborema.<\/p>\n","protected":false},"excerpt":{"rendered":"<p>O&nbsp;Blog do Bruno Lira&nbsp;acabou de receber os n\u00fameros do volume de \u00e1gua do A\u00e7ude Epit\u00e1cio Pessoa, na cidade de Boqueir\u00e3o, ap\u00f3s fortes chuvas na regi\u00e3o&hellip; <\/p>\n","protected":false},"author":1,"featured_media":145557,"comment_status":"closed","ping_status":"closed","sticky":false,"template":"","format":"standard","meta":{"sfsi_plus_gutenberg_text_before_share":"","sfsi_plus_gutenberg_show_text_before_share":"","sfsi_plus_gutenberg_icon_type":"","sfsi_plus_gutenberg_icon_alignemt":"","sfsi_plus_gutenburg_max_per_row":"","footnotes":""},"categories":[2],"tags":[],"class_list":["post-145556","post","type-post","status-publish","format-standard","has-post-thumbnail","hentry","category-geral"],"_links":{"self":[{"href":"https:\/\/www.caririemacao.com\/1\/wp-json\/wp\/v2\/posts\/145556","targetHints":{"allow":["GET"]}}],"collection":[{"href":"https:\/\/www.caririemacao.com\/1\/wp-json\/wp\/v2\/posts"}],"about":[{"href":"https:\/\/www.caririemacao.com\/1\/wp-json\/wp\/v2\/types\/post"}],"author":[{"embeddable":true,"href":"https:\/\/www.caririemacao.com\/1\/wp-json\/wp\/v2\/users\/1"}],"replies":[{"embeddable":true,"href":"https:\/\/www.caririemacao.com\/1\/wp-json\/wp\/v2\/comments?post=145556"}],"version-history":[{"count":1,"href":"https:\/\/www.caririemacao.com\/1\/wp-json\/wp\/v2\/posts\/145556\/revisions"}],"predecessor-version":[{"id":145558,"href":"https:\/\/www.caririemacao.com\/1\/wp-json\/wp\/v2\/posts\/145556\/revisions\/145558"}],"wp:featuredmedia":[{"embeddable":true,"href":"https:\/\/www.caririemacao.com\/1\/wp-json\/wp\/v2\/media\/145557"}],"wp:attachment":[{"href":"https:\/\/www.caririemacao.com\/1\/wp-json\/wp\/v2\/media?parent=145556"}],"wp:term":[{"taxonomy":"category","embeddable":true,"href":"https:\/\/www.caririemacao.com\/1\/wp-json\/wp\/v2\/categories?post=145556"},{"taxonomy":"post_tag","embeddable":true,"href":"https:\/\/www.caririemacao.com\/1\/wp-json\/wp\/v2\/tags?post=145556"}],"curies":[{"name":"wp","href":"https:\/\/api.w.org\/{rel}","templated":true}]}}